{"id":85343,"date":"2019-09-24T09:37:02","date_gmt":"2019-09-24T09:37:02","guid":{"rendered":"http:\/\/www.deinupdate.de\/?p=85343"},"modified":"2019-09-24T09:39:12","modified_gmt":"2019-09-24T09:39:12","slug":"nippel-alarm-bei-trumps-tochter","status":"publish","type":"post","link":"https:\/\/90x.deinupdate.de\/?p=85343","title":{"rendered":"Nippel-Alarm bei Trumps Tochter!"},"content":{"rendered":"<p>F\u00fcr gew\u00f6hnlich steht ihr Vater im Rampenlicht. Doch wenn Pr\u00e4sidenten-Tochter Ivanka Trump vergisst, einen anst\u00e4ndigen BH unter ihre Bluse zu ziehen, sind alle Augen auf sie gerichtet&#8230;<\/p>\n<h4 style=\"text-align: center;\"><strong>BLICKFANG<\/strong><\/h4>\n<p>Ob die 37-J\u00e4hrige diesen Auftritt allerdings so geplant hatte? Wohl eher unwahrscheinlich! Schlie\u00dflich gilt die Familie als konservativ und gerade der Klima-Gipfel ist wohl kein Ort, um stolz seine Nippel zu pr\u00e4sentieren. Doch genau das hat Ivanka versehentlich getan \u2013 und die ganze Welt hat hingesehen!<\/p>\n<h4 style=\"text-align: center;\"><strong>REAKTION<\/strong><\/h4>\n<p>Eine Reaktion seitens der beliebten Blondine gibt es bis dato noch nicht. Auch ihr Vater hat sich zu dem etwas un\u00fcblichen Bild noch nicht ge\u00e4u\u00dfert. Ob das noch kommt?<\/p>\n<p>Trotzdem: Die Trump Gegner kommen aus dem Lachen kaum mehr heraus.<\/p>\n<h4 style=\"text-align: center;\"><strong>HIER SEHT IHR ES<\/strong><\/h4>\n<p><a href=\"http:\/\/www.deinupdate.de\/wp-content\/uploads\/2019\/09\/ivanka-e1569309003526.jpg\"><img loading=\"lazy\" decoding=\"async\" class=\"alignnone size-large wp-image-85297\" src=\"http:\/\/www.deinupdate.de\/wp-content\/uploads\/2019\/09\/ivanka-1024x693.jpg\" alt=\"\" width=\"750\" height=\"508\" \/><\/a><\/p>\n","protected":false},"excerpt":{"rendered":"<p>F\u00fcr gew\u00f6hnlich steht ihr Vater im Rampenlicht. Doch wenn Pr\u00e4sidenten-Tochter Ivanka Trump vergisst, einen anst\u00e4ndigen BH unter ihre Bluse zu ziehen, sind alle Augen auf sie gerichtet&#8230; BLICKFANG Ob die 37-J\u00e4hrige diesen Auftritt allerdings so geplant hatte? Wohl eher unwahrscheinlich! Schlie\u00dflich gilt die Familie als konservativ und gerade der Klima-Gipfel ist wohl kein Ort, um [&hellip;]<\/p>\n","protected":false},"author":1,"featured_media":85296,"comment_status":"open","ping_status":"open","sticky":false,"template":"","format":"standard","meta":{"footnotes":""},"categories":[108],"tags":[],"class_list":["post-85343","post","type-post","status-publish","format-standard","has-post-thumbnail","hentry","category-hot-news-allgemein"],"publishpress_future_action":{"enabled":false,"date":"1970-01-01 00:00:00","action":"","terms":[],"taxonomy":"","browser_timezone_offset":0},"featured_media_src_url":"https:\/\/90x.deinupdate.de\/wp-content\/uploads\/2019\/09\/iv-1024x754.jpg","acf":{"enable_amazon_playlist_tag_matching":true},"_links":{"self":[{"href":"https:\/\/90x.deinupdate.de\/index.php?rest_route=\/wp\/v2\/posts\/85343","targetHints":{"allow":["GET"]}}],"collection":[{"href":"https:\/\/90x.deinupdate.de\/index.php?rest_route=\/wp\/v2\/posts"}],"about":[{"href":"https:\/\/90x.deinupdate.de\/index.php?rest_route=\/wp\/v2\/types\/post"}],"author":[{"embeddable":true,"href":"https:\/\/90x.deinupdate.de\/index.php?rest_route=\/wp\/v2\/users\/1"}],"replies":[{"embeddable":true,"href":"https:\/\/90x.deinupdate.de\/index.php?rest_route=%2Fwp%2Fv2%2Fcomments&post=85343"}],"version-history":[{"count":3,"href":"https:\/\/90x.deinupdate.de\/index.php?rest_route=\/wp\/v2\/posts\/85343\/revisions"}],"predecessor-version":[{"id":85347,"href":"https:\/\/90x.deinupdate.de\/index.php?rest_route=\/wp\/v2\/posts\/85343\/revisions\/85347"}],"wp:featuredmedia":[{"embeddable":true,"href":"https:\/\/90x.deinupdate.de\/index.php?rest_route=\/wp\/v2\/media\/85296"}],"wp:attachment":[{"href":"https:\/\/90x.deinupdate.de\/index.php?rest_route=%2Fwp%2Fv2%2Fmedia&parent=85343"}],"wp:term":[{"taxonomy":"category","embeddable":true,"href":"https:\/\/90x.deinupdate.de\/index.php?rest_route=%2Fwp%2Fv2%2Fcategories&post=85343"},{"taxonomy":"post_tag","embeddable":true,"href":"https:\/\/90x.deinupdate.de\/index.php?rest_route=%2Fwp%2Fv2%2Ftags&post=85343"}],"curies":[{"name":"wp","href":"https:\/\/api.w.org\/{rel}","templated":true}]}}