{"id":64785,"date":"2019-06-21T10:39:22","date_gmt":"2019-06-21T10:39:22","guid":{"rendered":"http:\/\/www.deinupdate.de\/?p=64785"},"modified":"2019-06-21T10:48:41","modified_gmt":"2019-06-21T10:48:41","slug":"heute-ist-der-laengste-tag-des-jahres","status":"publish","type":"post","link":"https:\/\/90x.deinupdate.de\/?p=64785","title":{"rendered":"Heute ist der l\u00e4ngste Tag des Jahres!"},"content":{"rendered":"<p>Der l\u00e4ngste Tag des Jahres? Das f\u00fchlt sich am Freitag in der Schule oder beim Job \u00f6fter mal so an! Heute stimmt es aber: Der Freitag ist der kalendarische Sommer-Anfang!<\/p>\n<h4 style=\"text-align: center;\"><strong>17 STUNDEN SONNE<\/strong><\/h4>\n<p>Bedeutet im Klartext, dass die Sonne heute ihren h\u00f6chsten Stand auf der Nord-Halbkugel der Welt hat\u00a0\u2013 und das um genau 17:54 Uhr. Auch die Deutschen d\u00fcrfen sich auf einen langen Abend freuen: In Berlin wird die Sonne fast 17 Stunden lang scheinen: Auf ging sie um 4:43 Uhr, unter geht sie erst um 21:33 Uhr!<\/p>\n<h4 style=\"text-align: center;\"><strong>WENDE<\/strong><\/h4>\n<p>Ab Morgen werden die Tage wieder k\u00fcrzer und die N\u00e4chte l\u00e4nger. Der k\u00fcrzeste Tag des Jahres ist \u00fcbrigens der 21. Dezember, aber der ist zum Gl\u00fcck ja noch lange hin. Sch\u00f6nes Wochenende Euch!<\/p>\n<h4 style=\"text-align: center;\"><b>HIER SEHT IHR ES<\/b><\/h4>\n<blockquote class=\"instagram-media\" style=\"background: #FFF; border: 0; border-radius: 3px; box-shadow: 0 0 1px 0 rgba(0,0,0,0.5),0 1px 10px 0 rgba(0,0,0,0.15); margin: 1px; max-width: 540px; min-width: 326px; padding: 0; width: calc(100% - 2px);\" data-instgrm-captioned=\"\" data-instgrm-permalink=\"https:\/\/www.instagram.com\/p\/By91Cz-oXY-\/\" data-instgrm-version=\"12\">\n<div style=\"padding: 16px;\">\n<p>&nbsp;<\/p>\n<div style=\"display: flex; flex-direction: row; align-items: center;\">\n<div style=\"background-color: #f4f4f4; border-radius: 50%; flex-grow: 0; height: 40px; margin-right: 14px; width: 40px;\"><\/div>\n<div style=\"display: flex; flex-direction: column; flex-grow: 1; justify-content: center;\">\n<div style=\"background-color: #f4f4f4; border-radius: 4px; flex-grow: 0; height: 14px; margin-bottom: 6px; width: 100px;\"><\/div>\n<div style=\"background-color: #f4f4f4; border-radius: 4px; flex-grow: 0; height: 14px; width: 60px;\"><\/div>\n<\/div>\n<\/div>\n<div style=\"padding: 19% 0;\"><\/div>\n<div style=\"display: block; height: 50px; margin: 0 auto 12px; width: 50px;\"><\/div>\n<div style=\"padding-top: 8px;\">\n<div style=\"color: #3897f0; font-family: Arial,sans-serif; font-size: 14px; font-style: normal; font-weight: 550; line-height: 18px;\">Sieh dir diesen Beitrag auf Instagram an<\/div>\n<\/div>\n<div style=\"padding: 12.5% 0;\"><\/div>\n<div style=\"display: flex; flex-direction: row; margin-bottom: 14px; align-items: center;\">\n<div>\n<div style=\"background-color: #f4f4f4; border-radius: 50%; height: 12.5px; width: 12.5px; transform: translateX(0px) translateY(7px);\"><\/div>\n<div style=\"background-color: #f4f4f4; height: 12.5px; transform: rotate(-45deg) translateX(3px) translateY(1px); width: 12.5px; flex-grow: 0; margin-right: 14px; margin-left: 2px;\"><\/div>\n<div style=\"background-color: #f4f4f4; border-radius: 50%; height: 12.5px; width: 12.5px; transform: translateX(9px) translateY(-18px);\"><\/div>\n<\/div>\n<div style=\"margin-left: 8px;\">\n<div style=\"background-color: #f4f4f4; border-radius: 50%; flex-grow: 0; height: 20px; width: 20px;\"><\/div>\n<div style=\"width: 0; height: 0; border-top: 2px solid transparent; border-left: 6px solid #f4f4f4; border-bottom: 2px solid transparent; transform: translateX(16px) translateY(-4px) rotate(30deg);\"><\/div>\n<\/div>\n<div style=\"margin-left: auto;\">\n<div style=\"width: 0px; border-top: 8px solid #F4F4F4; border-right: 8px solid transparent; transform: translateY(16px);\"><\/div>\n<div style=\"background-color: #f4f4f4; flex-grow: 0; height: 12px; width: 16px; transform: translateY(-4px);\"><\/div>\n<div style=\"width: 0; height: 0; border-top: 8px solid #F4F4F4; border-left: 8px solid transparent; transform: translateY(-4px) translateX(8px);\"><\/div>\n<\/div>\n<\/div>\n<p>&nbsp;<\/p>\n<p style=\"margin: 8px 0 0 0; padding: 0 4px;\"><a style=\"color: #000; font-family: Arial,sans-serif; font-size: 14px; font-style: normal; font-weight: normal; line-height: 17px; text-decoration: none; word-wrap: break-word;\" href=\"https:\/\/www.instagram.com\/p\/By91Cz-oXY-\/\" target=\"_blank\" rel=\"noopener\">Und was macht ihr am l\u00e4ngsten Tag des Jahres? ? #sommersonnenwende #infobild #sonne #ferien #sommerferien #infografik #sommer #l\u00e4ngstertagdesjahres #fetedelamusique #mitternachtssonne #erde #sommeranfang<\/a><\/p>\n<p style=\"color: #c9c8cd; font-family: Arial,sans-serif; font-size: 14px; line-height: 17px; margin-bottom: 0; margin-top: 8px; overflow: hidden; padding: 8px 0 7px; text-align: center; text-overflow: ellipsis; white-space: nowrap;\">Ein Beitrag geteilt von <a style=\"color: #c9c8cd; font-family: Arial,sans-serif; font-size: 14px; font-style: normal; font-weight: normal; line-height: 17px;\" href=\"https:\/\/www.instagram.com\/info.bild\/\" target=\"_blank\" rel=\"noopener\"> info.BILD<\/a> (@info.bild) am <time style=\"font-family: Arial,sans-serif; font-size: 14px; line-height: 17px;\" datetime=\"2019-06-21T09:03:08+00:00\">Jun 21, 2019 um 2:03 PDT<\/time><\/p>\n<\/div>\n<\/blockquote>\n<p><script async src=\"\/\/www.instagram.com\/embed.js\"><\/script><\/p>\n","protected":false},"excerpt":{"rendered":"<p>Der l\u00e4ngste Tag des Jahres? Das f\u00fchlt sich am Freitag in der Schule oder beim Job \u00f6fter mal so an! Heute stimmt es aber: Der Freitag ist der kalendarische Sommer-Anfang! 17 STUNDEN SONNE Bedeutet im Klartext, dass die Sonne heute ihren h\u00f6chsten Stand auf der Nord-Halbkugel der Welt hat\u00a0\u2013 und das um genau 17:54 Uhr. [&hellip;]<\/p>\n","protected":false},"author":4,"featured_media":64789,"comment_status":"open","ping_status":"open","sticky":false,"template":"","format":"standard","meta":{"footnotes":""},"categories":[108],"tags":[],"class_list":["post-64785","post","type-post","status-publish","format-standard","has-post-thumbnail","hentry","category-hot-news-allgemein"],"publishpress_future_action":{"enabled":false,"date":"1970-01-01 00:00:00","action":"","terms":[],"taxonomy":"","browser_timezone_offset":0},"featured_media_src_url":"https:\/\/90x.deinupdate.de\/wp-content\/uploads\/2019\/06\/sonne-1024x683.jpg","acf":{"enable_amazon_playlist_tag_matching":true},"_links":{"self":[{"href":"https:\/\/90x.deinupdate.de\/index.php?rest_route=\/wp\/v2\/posts\/64785","targetHints":{"allow":["GET"]}}],"collection":[{"href":"https:\/\/90x.deinupdate.de\/index.php?rest_route=\/wp\/v2\/posts"}],"about":[{"href":"https:\/\/90x.deinupdate.de\/index.php?rest_route=\/wp\/v2\/types\/post"}],"author":[{"embeddable":true,"href":"https:\/\/90x.deinupdate.de\/index.php?rest_route=\/wp\/v2\/users\/4"}],"replies":[{"embeddable":true,"href":"https:\/\/90x.deinupdate.de\/index.php?rest_route=%2Fwp%2Fv2%2Fcomments&post=64785"}],"version-history":[{"count":9,"href":"https:\/\/90x.deinupdate.de\/index.php?rest_route=\/wp\/v2\/posts\/64785\/revisions"}],"predecessor-version":[{"id":64802,"href":"https:\/\/90x.deinupdate.de\/index.php?rest_route=\/wp\/v2\/posts\/64785\/revisions\/64802"}],"wp:featuredmedia":[{"embeddable":true,"href":"https:\/\/90x.deinupdate.de\/index.php?rest_route=\/wp\/v2\/media\/64789"}],"wp:attachment":[{"href":"https:\/\/90x.deinupdate.de\/index.php?rest_route=%2Fwp%2Fv2%2Fmedia&parent=64785"}],"wp:term":[{"taxonomy":"category","embeddable":true,"href":"https:\/\/90x.deinupdate.de\/index.php?rest_route=%2Fwp%2Fv2%2Fcategories&post=64785"},{"taxonomy":"post_tag","embeddable":true,"href":"https:\/\/90x.deinupdate.de\/index.php?rest_route=%2Fwp%2Fv2%2Ftags&post=64785"}],"curies":[{"name":"wp","href":"https:\/\/api.w.org\/{rel}","templated":true}]}}