{"id":61264,"date":"2019-05-30T13:14:59","date_gmt":"2019-05-30T13:14:59","guid":{"rendered":"http:\/\/www.deinupdate.de\/?p=61264"},"modified":"2019-05-30T13:22:54","modified_gmt":"2019-05-30T13:22:54","slug":"offiziell-die-neue-bundeskanzlerin","status":"publish","type":"post","link":"https:\/\/90x.deinupdate.de\/?p=61264","title":{"rendered":"Offiziell: Die neue Bundeskanzlerin!"},"content":{"rendered":"<p>Jetzt haben die \u00d6sterreicher endlich Gewissheit! Nachdem Kanzler Sebastian Kurz am Montag gest\u00fcrzt wurde, steht seit heute fest, wer bis zu den Neuwahlen im September die Regierung f\u00fchren wird&#8230;<\/p>\n<h4 style=\"text-align: center;\"><strong>BRIGITTE BIERLEIN<\/strong><\/h4>\n<p>Die 69-J\u00e4hrige ist parteilos und die Pr\u00e4sidentin des Verfassungsgerichtshofs. Sie wird,\u00a0bis im Herbst neu gew\u00e4hlt wird, das Kanzleramt \u00fcbernehmen. Wie Angela Merkel in Deutschland, ist Brigitte Bierlein die erste Frau, die dieses Amt in \u00d6sterreich ausf\u00fcllt.<\/p>\n<h4 style=\"text-align: center;\"><strong>HINTERGRUND<\/strong><\/h4>\n<p>Am Montag war in \u00d6sterreich die gesamte Regierung von Sebastian Kurz mit einem Misstrauensvotum des Parlaments abgesetzt worden. Pr\u00e4sident Van der Bellen erhielt damit die Aufgabe, eine \u00dcbergangsregierung zu bilden, die bis zur Neuwahl im September und w\u00e4hrend der dann folgenden Koalitionsverhandlungen im Amt bleiben soll.<\/p>\n<p>Die Absetzung der Regierung war der vorl\u00e4ufige H\u00f6hepunkt der Regierungskrise, die durch das Ibiza-Skandal-Video von FP\u00d6-Boss Strache ausgel\u00f6st wurde.<\/p>\n","protected":false},"excerpt":{"rendered":"<p>Jetzt haben die \u00d6sterreicher endlich Gewissheit! Nachdem Kanzler Sebastian Kurz am Montag gest\u00fcrzt wurde, steht seit heute fest, wer bis zu den Neuwahlen im September die Regierung f\u00fchren wird&#8230; BRIGITTE BIERLEIN Die 69-J\u00e4hrige ist parteilos und die Pr\u00e4sidentin des Verfassungsgerichtshofs. Sie wird,\u00a0bis im Herbst neu gew\u00e4hlt wird, das Kanzleramt \u00fcbernehmen. Wie Angela Merkel in Deutschland, [&hellip;]<\/p>\n","protected":false},"author":1,"featured_media":61268,"comment_status":"open","ping_status":"open","sticky":false,"template":"","format":"standard","meta":{"footnotes":""},"categories":[1,108],"tags":[],"class_list":["post-61264","post","type-post","status-publish","format-standard","has-post-thumbnail","hentry","category-allgemein","category-hot-news-allgemein"],"publishpress_future_action":{"enabled":false,"date":"1970-01-01 00:00:00","action":"","terms":[],"taxonomy":"","browser_timezone_offset":0},"featured_media_src_url":"https:\/\/90x.deinupdate.de\/wp-content\/uploads\/2019\/05\/Screen-Shot-2019-05-30-at-06.09.26.png","acf":{"enable_amazon_playlist_tag_matching":true},"_links":{"self":[{"href":"https:\/\/90x.deinupdate.de\/index.php?rest_route=\/wp\/v2\/posts\/61264","targetHints":{"allow":["GET"]}}],"collection":[{"href":"https:\/\/90x.deinupdate.de\/index.php?rest_route=\/wp\/v2\/posts"}],"about":[{"href":"https:\/\/90x.deinupdate.de\/index.php?rest_route=\/wp\/v2\/types\/post"}],"author":[{"embeddable":true,"href":"https:\/\/90x.deinupdate.de\/index.php?rest_route=\/wp\/v2\/users\/1"}],"replies":[{"embeddable":true,"href":"https:\/\/90x.deinupdate.de\/index.php?rest_route=%2Fwp%2Fv2%2Fcomments&post=61264"}],"version-history":[{"count":8,"href":"https:\/\/90x.deinupdate.de\/index.php?rest_route=\/wp\/v2\/posts\/61264\/revisions"}],"predecessor-version":[{"id":61279,"href":"https:\/\/90x.deinupdate.de\/index.php?rest_route=\/wp\/v2\/posts\/61264\/revisions\/61279"}],"wp:featuredmedia":[{"embeddable":true,"href":"https:\/\/90x.deinupdate.de\/index.php?rest_route=\/wp\/v2\/media\/61268"}],"wp:attachment":[{"href":"https:\/\/90x.deinupdate.de\/index.php?rest_route=%2Fwp%2Fv2%2Fmedia&parent=61264"}],"wp:term":[{"taxonomy":"category","embeddable":true,"href":"https:\/\/90x.deinupdate.de\/index.php?rest_route=%2Fwp%2Fv2%2Fcategories&post=61264"},{"taxonomy":"post_tag","embeddable":true,"href":"https:\/\/90x.deinupdate.de\/index.php?rest_route=%2Fwp%2Fv2%2Ftags&post=61264"}],"curies":[{"name":"wp","href":"https:\/\/api.w.org\/{rel}","templated":true}]}}