{"id":59115,"date":"2019-05-16T14:18:37","date_gmt":"2019-05-16T14:18:37","guid":{"rendered":"http:\/\/www.deinupdate.de\/?p=59115"},"modified":"2019-05-16T14:29:35","modified_gmt":"2019-05-16T14:29:35","slug":"beschlossen-neues-kopftuchverbot","status":"publish","type":"post","link":"https:\/\/90x.deinupdate.de\/?p=59115","title":{"rendered":"Beschlossen: Neues Kopftuchverbot!"},"content":{"rendered":"<p>Jetzt ist es wirklich passiert! Nachdem in den vergangenen Monaten in unserem Nachbarland \u00d6sterreich immer wieder heftig \u00fcber ein Verbot von Kopft\u00fcchern an Grundschulen diskutiert wurde, erlie\u00df das Parlament am Mittwochabend das umstrittene Gesetz.<\/p>\n<h4 style=\"text-align: center;\"><strong>ERGEBNIS<\/strong><\/h4>\n<p id=\"\">Mit dem Kopftuchverbot untersagt die Regierung von Kanzler Sebastian Kurz (32) k\u00fcnftig <em>\u201edas Tragen weltanschaulich oder religi\u00f6s gepr\u00e4gter Bekleidung, mit der eine Verh\u00fcllung des Hauptes verbunden ist\u201c.<\/em><\/p>\n<p>F\u00fcr das jetzt beschlossene Gesetz stimmte dabei die Koalition der konservativen \u00d6VP und der rechtspopulistischen FP\u00d6.\u00a0Die Opposition ist strikt dagegen und wirft der Regierung vor, es gehe ihr nur um Schlagzeilen und nicht um das Kindeswohl.<\/p>\n<p>Von dem Verbot ausdr\u00fccklich ausgenommen sind nach Regierungsangaben die j\u00fcdische Kippa und die Patka der Sikhs. Das Gesetz richtet sich somit nur gegen das islamische Kopftuch.<\/p>\n<h4 style=\"text-align: center;\"><strong>STATEMENT<\/strong><\/h4>\n<p>Bereits seit 2018 k\u00e4mpft Kanzler Kurz f\u00fcr das nun beschlossene Verbot. Dazu sagte er im April 2018:<\/p>\n<p><em>\u201eEine Verschleierung von Kleinkindern ist definitiv nichts, was in unserem Land Platz haben sollte.\u201c<\/em><\/p>\n<p>Es gehe ihm darum, muslimische Kleinkinder vor Diskriminierung zu sch\u00fctzen, aber auch der Entwicklung von Parallelgesellschaften entgegenzutreten.<\/p>\n<p><img loading=\"lazy\" decoding=\"async\" class=\"alignnone size-full wp-image-59117\" src=\"http:\/\/www.deinupdate.de\/wp-content\/uploads\/2019\/05\/Screen-Shot-2019-05-16-at-07.15.51.png\" alt=\"\" width=\"922\" height=\"654\" srcset=\"https:\/\/90x.deinupdate.de\/wp-content\/uploads\/2019\/05\/Screen-Shot-2019-05-16-at-07.15.51.png 922w, https:\/\/90x.deinupdate.de\/wp-content\/uploads\/2019\/05\/Screen-Shot-2019-05-16-at-07.15.51-300x213.png 300w, https:\/\/90x.deinupdate.de\/wp-content\/uploads\/2019\/05\/Screen-Shot-2019-05-16-at-07.15.51-768x545.png 768w\" sizes=\"auto, (max-width: 922px) 100vw, 922px\" \/><\/p>\n","protected":false},"excerpt":{"rendered":"<p>Jetzt ist es wirklich passiert! Nachdem in den vergangenen Monaten in unserem Nachbarland \u00d6sterreich immer wieder heftig \u00fcber ein Verbot von Kopft\u00fcchern an Grundschulen diskutiert wurde, erlie\u00df das Parlament am Mittwochabend das umstrittene Gesetz. ERGEBNIS Mit dem Kopftuchverbot untersagt die Regierung von Kanzler Sebastian Kurz (32) k\u00fcnftig \u201edas Tragen weltanschaulich oder religi\u00f6s gepr\u00e4gter Bekleidung, mit [&hellip;]<\/p>\n","protected":false},"author":1,"featured_media":59116,"comment_status":"open","ping_status":"open","sticky":false,"template":"","format":"standard","meta":{"footnotes":""},"categories":[108],"tags":[],"class_list":["post-59115","post","type-post","status-publish","format-standard","has-post-thumbnail","hentry","category-hot-news-allgemein"],"publishpress_future_action":{"enabled":false,"date":"1970-01-01 00:00:00","action":"","terms":[],"taxonomy":"","browser_timezone_offset":0},"featured_media_src_url":"https:\/\/90x.deinupdate.de\/wp-content\/uploads\/2019\/05\/Screen-Shot-2019-05-16-at-07.08.37.png","acf":{"enable_amazon_playlist_tag_matching":true},"_links":{"self":[{"href":"https:\/\/90x.deinupdate.de\/index.php?rest_route=\/wp\/v2\/posts\/59115","targetHints":{"allow":["GET"]}}],"collection":[{"href":"https:\/\/90x.deinupdate.de\/index.php?rest_route=\/wp\/v2\/posts"}],"about":[{"href":"https:\/\/90x.deinupdate.de\/index.php?rest_route=\/wp\/v2\/types\/post"}],"author":[{"embeddable":true,"href":"https:\/\/90x.deinupdate.de\/index.php?rest_route=\/wp\/v2\/users\/1"}],"replies":[{"embeddable":true,"href":"https:\/\/90x.deinupdate.de\/index.php?rest_route=%2Fwp%2Fv2%2Fcomments&post=59115"}],"version-history":[{"count":6,"href":"https:\/\/90x.deinupdate.de\/index.php?rest_route=\/wp\/v2\/posts\/59115\/revisions"}],"predecessor-version":[{"id":59123,"href":"https:\/\/90x.deinupdate.de\/index.php?rest_route=\/wp\/v2\/posts\/59115\/revisions\/59123"}],"wp:featuredmedia":[{"embeddable":true,"href":"https:\/\/90x.deinupdate.de\/index.php?rest_route=\/wp\/v2\/media\/59116"}],"wp:attachment":[{"href":"https:\/\/90x.deinupdate.de\/index.php?rest_route=%2Fwp%2Fv2%2Fmedia&parent=59115"}],"wp:term":[{"taxonomy":"category","embeddable":true,"href":"https:\/\/90x.deinupdate.de\/index.php?rest_route=%2Fwp%2Fv2%2Fcategories&post=59115"},{"taxonomy":"post_tag","embeddable":true,"href":"https:\/\/90x.deinupdate.de\/index.php?rest_route=%2Fwp%2Fv2%2Ftags&post=59115"}],"curies":[{"name":"wp","href":"https:\/\/api.w.org\/{rel}","templated":true}]}}