{"id":522,"date":"2018-03-29T11:55:02","date_gmt":"2018-03-29T11:55:02","guid":{"rendered":"http:\/\/www.deinupdate.de\/?p=522"},"modified":"2018-03-29T11:55:02","modified_gmt":"2018-03-29T11:55:02","slug":"bild-behauptet-das-ist-der-grund-fuer-die-trennung-zwischen-bushido-arafat","status":"publish","type":"post","link":"https:\/\/90x.deinupdate.de\/?p=522","title":{"rendered":"BILD behauptet: DAS ist der Grund f\u00fcr die Trennung zwischen Bushido &#038; Arafat!"},"content":{"rendered":"<p>Und wieder mal berichtet die BILD \u00fcber den Bruch zwischen Bushido &amp; Arafat! Nachdem man bereits vor einigen Monaten exklusiv von der Trennung der zwei ehemaligen Gesch\u00e4ftspartner postete, wird dieses Mal \u00fcber den angeblichen Grund f\u00fcr das Ende der \u00c4ra spekuliert&#8230;<\/p>\n<h4 style=\"text-align: center;\"><strong>BILD SCHREIBT DAZU<\/strong><\/h4>\n<p><em>&#8222;Ein Insider berichtet, dass Bushido eigentlich nur wollte, dass er in Zukunft auf komplett eigene Rechnung arbeiten kann, dass s\u00e4mtliche Eink\u00fcnfte ihm zustehen. Arafat soll sich zun\u00e4chst geweigert haben, da die Marke Bushido beiden geh\u00f6ren w\u00fcrde. Eine spontane Aussprache in Arafats Restaurant soll zun\u00e4chst nichts gebracht haben. Mittlerweile habe man sich aber doch geeinigt. Es gilt als sicher, dass lukrative K\u00fcnstler wie Ali Bumaye auf der Seite von Arafat stehen.&#8220;<\/em><\/p>\n<p>Wer den kompletten Artikel in der BILD lesen m\u00f6chte, kann das <a href=\"https:\/\/www.bild.de\/bild-plus\/unterhaltung\/leute\/bushido\/und-arafat-beim-geld-hoerte-die-freundschaft-auf-55240698.bild.html?wt_eid=2151925443162362374&amp;wt_t=2152232299893742522\"><span style=\"text-decoration: underline;\"><strong>HIER<\/strong><\/span><\/a> tun!<\/p>\n","protected":false},"excerpt":{"rendered":"<p>Und wieder mal berichtet die BILD \u00fcber den Bruch zwischen Bushido &amp; Arafat! Nachdem man bereits vor einigen Monaten exklusiv von der Trennung der zwei ehemaligen Gesch\u00e4ftspartner postete, wird dieses Mal \u00fcber den angeblichen Grund f\u00fcr das Ende der \u00c4ra spekuliert&#8230; BILD SCHREIBT DAZU &#8222;Ein Insider berichtet, dass Bushido eigentlich nur wollte, dass er in [&hellip;]<\/p>\n","protected":false},"author":1,"featured_media":523,"comment_status":"open","ping_status":"open","sticky":false,"template":"","format":"standard","meta":{"footnotes":""},"categories":[4],"tags":[],"class_list":["post-522","post","type-post","status-publish","format-standard","has-post-thumbnail","hentry","category-important"],"publishpress_future_action":{"enabled":false,"date":"1970-01-01 00:00:00","action":"","terms":[],"taxonomy":"","browser_timezone_offset":0},"featured_media_src_url":"https:\/\/90x.deinupdate.de\/wp-content\/uploads\/2018\/03\/Bildschirmfoto-2018-03-29-um-13.46.45.png","acf":null,"_links":{"self":[{"href":"https:\/\/90x.deinupdate.de\/index.php?rest_route=\/wp\/v2\/posts\/522","targetHints":{"allow":["GET"]}}],"collection":[{"href":"https:\/\/90x.deinupdate.de\/index.php?rest_route=\/wp\/v2\/posts"}],"about":[{"href":"https:\/\/90x.deinupdate.de\/index.php?rest_route=\/wp\/v2\/types\/post"}],"author":[{"embeddable":true,"href":"https:\/\/90x.deinupdate.de\/index.php?rest_route=\/wp\/v2\/users\/1"}],"replies":[{"embeddable":true,"href":"https:\/\/90x.deinupdate.de\/index.php?rest_route=%2Fwp%2Fv2%2Fcomments&post=522"}],"version-history":[{"count":1,"href":"https:\/\/90x.deinupdate.de\/index.php?rest_route=\/wp\/v2\/posts\/522\/revisions"}],"predecessor-version":[{"id":524,"href":"https:\/\/90x.deinupdate.de\/index.php?rest_route=\/wp\/v2\/posts\/522\/revisions\/524"}],"wp:featuredmedia":[{"embeddable":true,"href":"https:\/\/90x.deinupdate.de\/index.php?rest_route=\/wp\/v2\/media\/523"}],"wp:attachment":[{"href":"https:\/\/90x.deinupdate.de\/index.php?rest_route=%2Fwp%2Fv2%2Fmedia&parent=522"}],"wp:term":[{"taxonomy":"category","embeddable":true,"href":"https:\/\/90x.deinupdate.de\/index.php?rest_route=%2Fwp%2Fv2%2Fcategories&post=522"},{"taxonomy":"post_tag","embeddable":true,"href":"https:\/\/90x.deinupdate.de\/index.php?rest_route=%2Fwp%2Fv2%2Ftags&post=522"}],"curies":[{"name":"wp","href":"https:\/\/api.w.org\/{rel}","templated":true}]}}