{"id":38612,"date":"2019-01-20T13:30:10","date_gmt":"2019-01-20T13:30:10","guid":{"rendered":"http:\/\/www.deinupdate.de\/?p=38612"},"modified":"2019-01-20T13:31:32","modified_gmt":"2019-01-20T13:31:32","slug":"minus-20-grad-die-horror-kaelte-kommt","status":"publish","type":"post","link":"https:\/\/90x.deinupdate.de\/?p=38612","title":{"rendered":"Minus 20 Grad: Die Horror-K\u00e4lte kommt!"},"content":{"rendered":"<p>Es wird bitterkalt bei uns: Die Wetter-Experten sagen eine heftige K\u00e4ltewelle in Deutschland voraus! Die Temperaturen k\u00f6nnen ab Mittwoch auf bis zu Minus 20 Grad fallen.<\/p>\n<h4 style=\"text-align: center;\"><strong>4 WOCHEN LANG<\/strong><\/h4>\n<p>Andreas Friedrich ist Sprecher des deutschen Wetterdiensts und er hat keinen Zweifel, dass die K\u00e4lte kommt. Sie kommt lange und mit aller Macht, so seine Aussage!<\/p>\n<p><em>&#8222;Ich habe es selten erlebt, dass alle Rechenmodelle so eindeutig auf eine gleiche Entwicklung hinweisen.&#8220;<\/em><\/p>\n<p>Im Osten wird es am schlimmsten, dort erreicht das Thermometer nachts bis Minus 20 Grad. Dazu soll wieder Schnee fallen. Warm anziehen, Leute!<\/p>\n<h4 style=\"text-align: center;\"><strong>HIER DIE QUELLE<\/strong><\/h4>\n<blockquote class=\"twitter-tweet\" data-lang=\"de\">\n<p dir=\"ltr\" lang=\"de\">Temperaturen von bis zu minus 20 Grad: Deutschland muss sich ab n\u00e4chster Woche auf eine K\u00e4ltewelle einstellen. Sie k\u00f6nnte sogar vier Wochen andauern. <a href=\"https:\/\/t.co\/Z6XdicCB1K\">https:\/\/t.co\/Z6XdicCB1K<\/a><\/p>\n<p>\u2014 SPIEGEL ONLINE (@SPIEGELONLINE) <a href=\"https:\/\/twitter.com\/SPIEGELONLINE\/status\/1086573003184451586?ref_src=twsrc%5Etfw\">19. Januar 2019<\/a><\/p><\/blockquote>\n<p><script async src=\"https:\/\/platform.twitter.com\/widgets.js\" charset=\"utf-8\"><\/script><\/p>\n","protected":false},"excerpt":{"rendered":"<p>Es wird bitterkalt bei uns: Die Wetter-Experten sagen eine heftige K\u00e4ltewelle in Deutschland voraus! Die Temperaturen k\u00f6nnen ab Mittwoch auf bis zu Minus 20 Grad fallen. 4 WOCHEN LANG Andreas Friedrich ist Sprecher des deutschen Wetterdiensts und er hat keinen Zweifel, dass die K\u00e4lte kommt. Sie kommt lange und mit aller Macht, so seine Aussage! [&hellip;]<\/p>\n","protected":false},"author":1,"featured_media":38613,"comment_status":"open","ping_status":"open","sticky":false,"template":"","format":"standard","meta":{"footnotes":""},"categories":[108],"tags":[],"class_list":["post-38612","post","type-post","status-publish","format-standard","has-post-thumbnail","hentry","category-hot-news-allgemein"],"publishpress_future_action":{"enabled":false,"date":"1970-01-01 00:00:00","action":"","terms":[],"taxonomy":"","browser_timezone_offset":0},"featured_media_src_url":"https:\/\/90x.deinupdate.de\/wp-content\/uploads\/2019\/01\/Bildschirmfoto-2019-01-20-um-14.14.38.png","acf":{"enable_amazon_playlist_tag_matching":true},"_links":{"self":[{"href":"https:\/\/90x.deinupdate.de\/index.php?rest_route=\/wp\/v2\/posts\/38612","targetHints":{"allow":["GET"]}}],"collection":[{"href":"https:\/\/90x.deinupdate.de\/index.php?rest_route=\/wp\/v2\/posts"}],"about":[{"href":"https:\/\/90x.deinupdate.de\/index.php?rest_route=\/wp\/v2\/types\/post"}],"author":[{"embeddable":true,"href":"https:\/\/90x.deinupdate.de\/index.php?rest_route=\/wp\/v2\/users\/1"}],"replies":[{"embeddable":true,"href":"https:\/\/90x.deinupdate.de\/index.php?rest_route=%2Fwp%2Fv2%2Fcomments&post=38612"}],"version-history":[{"count":4,"href":"https:\/\/90x.deinupdate.de\/index.php?rest_route=\/wp\/v2\/posts\/38612\/revisions"}],"predecessor-version":[{"id":38618,"href":"https:\/\/90x.deinupdate.de\/index.php?rest_route=\/wp\/v2\/posts\/38612\/revisions\/38618"}],"wp:featuredmedia":[{"embeddable":true,"href":"https:\/\/90x.deinupdate.de\/index.php?rest_route=\/wp\/v2\/media\/38613"}],"wp:attachment":[{"href":"https:\/\/90x.deinupdate.de\/index.php?rest_route=%2Fwp%2Fv2%2Fmedia&parent=38612"}],"wp:term":[{"taxonomy":"category","embeddable":true,"href":"https:\/\/90x.deinupdate.de\/index.php?rest_route=%2Fwp%2Fv2%2Fcategories&post=38612"},{"taxonomy":"post_tag","embeddable":true,"href":"https:\/\/90x.deinupdate.de\/index.php?rest_route=%2Fwp%2Fv2%2Ftags&post=38612"}],"curies":[{"name":"wp","href":"https:\/\/api.w.org\/{rel}","templated":true}]}}