{"id":36902,"date":"2019-01-08T13:20:11","date_gmt":"2019-01-08T13:20:11","guid":{"rendered":"http:\/\/www.deinupdate.de\/?p=36902"},"modified":"2019-01-08T13:20:11","modified_gmt":"2019-01-08T13:20:11","slug":"afd-chef-ins-krankenhaus-gepruegelt","status":"publish","type":"post","link":"https:\/\/90x.deinupdate.de\/?p=36902","title":{"rendered":"AfD-Chef ins Krankenhaus gepr\u00fcgelt!"},"content":{"rendered":"<p>Er ist am Montag Abend in der Bremer Innenstadt unterwegs. Pl\u00f6tzlich tauchen drei M\u00e4nner auf, sie schlagen den AfD Chef mit einem Kantholz bewusstlos und treten dann gegen seinen Kopf!<\/p>\n<h4 style=\"text-align: center;\"><strong>FRANK MAGNITZ<\/strong><\/h4>\n<p>Der 66-J\u00e4hrige ist\u00a0Bundestagsabgeordneter und Landesvorsitzender der AfD Bremen. Er liegt nach dem Angriff unter Polizeischutz in einem Bremer Krankenhaus!<\/p>\n<p>Laut Polizei hat die Tat wohl einen politischen Hintergrund. Die AfD in Bremen wurde bereits mehrfach angegriffen,\u00a0unter anderem schlugen die T\u00e4ter die Scheiben eines Parteib\u00fcros ein und demolierten ein Auto. Frank Magnitz selbst sagt:<\/p>\n<p><em>&#8222;Mein gro\u00dfes Gl\u00fcck waren zwei Bauarbeiter, die eingeschritten sind. (&#8230;)\u00a0Ich werde auf jeden Fall vorsichtiger durch die Gegend gehen.&#8220;<\/em><\/p>\n<h4 style=\"text-align: center;\"><strong>HIER DAS FOTO<\/strong><\/h4>\n<p><img loading=\"lazy\" decoding=\"async\" class=\"alignnone wp-image-36907\" src=\"http:\/\/www.deinupdate.de\/wp-content\/uploads\/2019\/01\/Bildschirmfoto-2019-01-08-um-14.08.15.png\" alt=\"\" width=\"730\" height=\"975\" srcset=\"https:\/\/90x.deinupdate.de\/wp-content\/uploads\/2019\/01\/Bildschirmfoto-2019-01-08-um-14.08.15.png 470w, https:\/\/90x.deinupdate.de\/wp-content\/uploads\/2019\/01\/Bildschirmfoto-2019-01-08-um-14.08.15-225x300.png 225w\" sizes=\"auto, (max-width: 730px) 100vw, 730px\" \/><\/p>\n","protected":false},"excerpt":{"rendered":"<p>Er ist am Montag Abend in der Bremer Innenstadt unterwegs. Pl\u00f6tzlich tauchen drei M\u00e4nner auf, sie schlagen den AfD Chef mit einem Kantholz bewusstlos und treten dann gegen seinen Kopf! FRANK MAGNITZ Der 66-J\u00e4hrige ist\u00a0Bundestagsabgeordneter und Landesvorsitzender der AfD Bremen. Er liegt nach dem Angriff unter Polizeischutz in einem Bremer Krankenhaus! Laut Polizei hat die [&hellip;]<\/p>\n","protected":false},"author":1,"featured_media":36911,"comment_status":"open","ping_status":"open","sticky":false,"template":"","format":"standard","meta":{"footnotes":""},"categories":[108],"tags":[],"class_list":["post-36902","post","type-post","status-publish","format-standard","has-post-thumbnail","hentry","category-hot-news-allgemein"],"publishpress_future_action":{"enabled":false,"date":"1970-01-01 00:00:00","action":"","terms":[],"taxonomy":"","browser_timezone_offset":0},"featured_media_src_url":"https:\/\/90x.deinupdate.de\/wp-content\/uploads\/2019\/01\/Screen-Shot-2019-01-08-at-05.19.17-1024x707.png","acf":null,"_links":{"self":[{"href":"https:\/\/90x.deinupdate.de\/index.php?rest_route=\/wp\/v2\/posts\/36902","targetHints":{"allow":["GET"]}}],"collection":[{"href":"https:\/\/90x.deinupdate.de\/index.php?rest_route=\/wp\/v2\/posts"}],"about":[{"href":"https:\/\/90x.deinupdate.de\/index.php?rest_route=\/wp\/v2\/types\/post"}],"author":[{"embeddable":true,"href":"https:\/\/90x.deinupdate.de\/index.php?rest_route=\/wp\/v2\/users\/1"}],"replies":[{"embeddable":true,"href":"https:\/\/90x.deinupdate.de\/index.php?rest_route=%2Fwp%2Fv2%2Fcomments&post=36902"}],"version-history":[{"count":2,"href":"https:\/\/90x.deinupdate.de\/index.php?rest_route=\/wp\/v2\/posts\/36902\/revisions"}],"predecessor-version":[{"id":36912,"href":"https:\/\/90x.deinupdate.de\/index.php?rest_route=\/wp\/v2\/posts\/36902\/revisions\/36912"}],"wp:featuredmedia":[{"embeddable":true,"href":"https:\/\/90x.deinupdate.de\/index.php?rest_route=\/wp\/v2\/media\/36911"}],"wp:attachment":[{"href":"https:\/\/90x.deinupdate.de\/index.php?rest_route=%2Fwp%2Fv2%2Fmedia&parent=36902"}],"wp:term":[{"taxonomy":"category","embeddable":true,"href":"https:\/\/90x.deinupdate.de\/index.php?rest_route=%2Fwp%2Fv2%2Fcategories&post=36902"},{"taxonomy":"post_tag","embeddable":true,"href":"https:\/\/90x.deinupdate.de\/index.php?rest_route=%2Fwp%2Fv2%2Ftags&post=36902"}],"curies":[{"name":"wp","href":"https:\/\/api.w.org\/{rel}","templated":true}]}}