{"id":272320,"date":"2021-11-30T17:33:57","date_gmt":"2021-11-30T17:33:57","guid":{"rendered":"https:\/\/www.deinupdate.de\/?p=272320"},"modified":"2021-11-30T17:36:09","modified_gmt":"2021-11-30T17:36:09","slug":"kommt-die-impfpflicht-herr-scholz","status":"publish","type":"post","link":"https:\/\/90x.deinupdate.de\/?p=272320","title":{"rendered":"&#8222;Kommt die Impfpflicht, Herr Scholz?&#8220;"},"content":{"rendered":"<p>Am Dienstag k\u00fcndigt er die Pl\u00e4ne in der Konferenz mit Angela Merkel und den hohen Chefs der 16 Bundesl\u00e4nder an. Doch offen ausgesprochen hat sie der neue Bundeskanzler bisher nicht. Jetzt hat BILD gefragt: Olaf Scholz, kommt die Impfpflicht?<\/p>\n<h4 style=\"text-align: center;\"><strong>STATEMENT<\/strong><\/h4>\n<p><em>&#8222;Das entscheidet der Deutsche Bundestag. Aber: Ich werde daf\u00fcr stimmen. <\/em><\/p>\n<p><em>Mein klarer Wunsch ist, dass in Deutschland ab sp\u00e4testens Anfang M\u00e4rz eine allgemeine Impfpflicht gilt&#8220;<\/em><\/p>\n<h4 style=\"text-align: center;\"><strong>AB FEBRUAR<\/strong><\/h4>\n<p><em>Mein Vorschlag ist ja, dass der Zeitpunkt auch nicht allzu fern liegt: Also Anfang Februar oder Anfang M\u00e4rz&#8220;<\/em><\/p>\n<h4 style=\"text-align: center;\"><strong>HIER SEHT IHR ES<\/strong><\/h4>\n<blockquote class=\"twitter-tweet\">\n<p dir=\"ltr\" lang=\"de\">Bald-Kanzler Scholz sagt im Interview bei <a href=\"https:\/\/twitter.com\/hashtag\/BILDLive?src=hash&amp;ref_src=twsrc%5Etfw\">#BILDLive<\/a> er wolle eine \u201eeinrichtungsbezogene Impfpflicht durchbringen\u201c. Im Bundestag will er gar \u00fcber eine allgemeine Impfpflicht abstimmen lassen. Jetzt hier das Interview LIVE schauen: <a href=\"https:\/\/t.co\/oftd5pjh8a\">https:\/\/t.co\/oftd5pjh8a<\/a><\/p>\n<p>\u2014 BILD (@BILD) <a href=\"https:\/\/twitter.com\/BILD\/status\/1465715264796848133?ref_src=twsrc%5Etfw\">November 30, 2021<\/a><\/p><\/blockquote>\n<p><script async src=\"https:\/\/platform.twitter.com\/widgets.js\" charset=\"utf-8\"><\/script><\/p>\n","protected":false},"excerpt":{"rendered":"<p>Am Dienstag k\u00fcndigt er die Pl\u00e4ne in der Konferenz mit Angela Merkel und den hohen Chefs der 16 Bundesl\u00e4nder an. Doch offen ausgesprochen hat sie der neue Bundeskanzler bisher nicht. Jetzt hat BILD gefragt: Olaf Scholz, kommt die Impfpflicht? STATEMENT &#8222;Das entscheidet der Deutsche Bundestag. Aber: Ich werde daf\u00fcr stimmen. Mein klarer Wunsch ist, dass [&hellip;]<\/p>\n","protected":false},"author":1,"featured_media":272322,"comment_status":"open","ping_status":"open","sticky":false,"template":"","format":"standard","meta":{"footnotes":""},"categories":[1],"tags":[],"class_list":["post-272320","post","type-post","status-publish","format-standard","has-post-thumbnail","hentry","category-allgemein"],"publishpress_future_action":{"enabled":false,"date":"1970-01-01 00:00:00","action":"","terms":[],"taxonomy":"","browser_timezone_offset":0},"featured_media_src_url":"https:\/\/90x.deinupdate.de\/wp-content\/uploads\/2021\/11\/Bildschirmfoto-2021-11-30-um-18.14.47.png","acf":{"enable_amazon_playlist_tag_matching":true,"voting_title":"IMPFPFLICHT?","voting_items":[{"title":"Ja, sie muss her!","image":"https:\/\/90x.deinupdate.de\/wp-content\/uploads\/2021\/11\/Bildschirmfoto-2021-11-30-um-17.44.16.png"},{"title":"Wird nix bringen!","image":"https:\/\/90x.deinupdate.de\/wp-content\/uploads\/2021\/11\/Bildschirmfoto-2021-11-30-um-15.27.22.png"}],"add_smiley_voting":true},"_links":{"self":[{"href":"https:\/\/90x.deinupdate.de\/index.php?rest_route=\/wp\/v2\/posts\/272320","targetHints":{"allow":["GET"]}}],"collection":[{"href":"https:\/\/90x.deinupdate.de\/index.php?rest_route=\/wp\/v2\/posts"}],"about":[{"href":"https:\/\/90x.deinupdate.de\/index.php?rest_route=\/wp\/v2\/types\/post"}],"author":[{"embeddable":true,"href":"https:\/\/90x.deinupdate.de\/index.php?rest_route=\/wp\/v2\/users\/1"}],"replies":[{"embeddable":true,"href":"https:\/\/90x.deinupdate.de\/index.php?rest_route=%2Fwp%2Fv2%2Fcomments&post=272320"}],"version-history":[{"count":4,"href":"https:\/\/90x.deinupdate.de\/index.php?rest_route=\/wp\/v2\/posts\/272320\/revisions"}],"predecessor-version":[{"id":272346,"href":"https:\/\/90x.deinupdate.de\/index.php?rest_route=\/wp\/v2\/posts\/272320\/revisions\/272346"}],"wp:featuredmedia":[{"embeddable":true,"href":"https:\/\/90x.deinupdate.de\/index.php?rest_route=\/wp\/v2\/media\/272322"}],"wp:attachment":[{"href":"https:\/\/90x.deinupdate.de\/index.php?rest_route=%2Fwp%2Fv2%2Fmedia&parent=272320"}],"wp:term":[{"taxonomy":"category","embeddable":true,"href":"https:\/\/90x.deinupdate.de\/index.php?rest_route=%2Fwp%2Fv2%2Fcategories&post=272320"},{"taxonomy":"post_tag","embeddable":true,"href":"https:\/\/90x.deinupdate.de\/index.php?rest_route=%2Fwp%2Fv2%2Ftags&post=272320"}],"curies":[{"name":"wp","href":"https:\/\/api.w.org\/{rel}","templated":true}]}}