{"id":272138,"date":"2021-11-30T13:20:30","date_gmt":"2021-11-30T13:20:30","guid":{"rendered":"https:\/\/www.deinupdate.de\/?p=272138"},"modified":"2021-11-30T13:49:43","modified_gmt":"2021-11-30T13:49:43","slug":"eil-es-soll-passieren","status":"publish","type":"post","link":"https:\/\/90x.deinupdate.de\/?p=272138","title":{"rendered":"ES SOLL PASSIEREN!"},"content":{"rendered":"<p>Seit 13 Uhr l\u00e4uft die entscheidende Konferenz mit Angela Merkel, den Chefs der 16 Bundesl\u00e4nder und Olaf Scholz. Ihr Thema: Wie geht es in Corona-Deutschland weiter? Den ersten Hammer gibt es nach etwa einer Stunde. Der kommende Kanzler wird deutlich!<\/p>\n<h4 style=\"text-align: center;\"><strong>IMPFPFLICHT<\/strong><\/h4>\n<p><em>&#8222;Bald-Kanzler Olaf Scholz hat sich bei den internen Beratungen f\u00fcr eine allgemeine Impf-Pflicht ausgesprochen, auch die Mehrheit der 16 Landeschefs ist daf\u00fcr. Vorher m\u00fcsse es aber eine Abstimmung im Bundestag geben&#8220;<\/em><\/p>\n<p>Das schreibt soeben BILD-Top-Reporter Paul Ronzheimer auf Twitter. Hei\u00dft: Deutschland k\u00f6nnte schon sehr bald eine Impfpflicht bekommen. Bereits Ende Februar k\u00f6nnte es laut den Infos soweit sein.<\/p>\n<p><img loading=\"lazy\" decoding=\"async\" class=\"alignnone size-full wp-image-271710\" src=\"https:\/\/www.deinupdate.de\/wp-content\/uploads\/2021\/11\/Bildschirmfoto-2021-11-29-um-17.07.27.png\" alt=\"\" width=\"396\" height=\"448\" srcset=\"https:\/\/90x.deinupdate.de\/wp-content\/uploads\/2021\/11\/Bildschirmfoto-2021-11-29-um-17.07.27.png 396w, https:\/\/90x.deinupdate.de\/wp-content\/uploads\/2021\/11\/Bildschirmfoto-2021-11-29-um-17.07.27-265x300.png 265w\" sizes=\"auto, (max-width: 396px) 100vw, 396px\" \/><\/p>\n<h4 style=\"text-align: center;\"><strong>SCHOLZ SAGT<\/strong><\/h4>\n<p><em>&#8222;Ich als Abgeordneter werde der Impfpflicht zustimmen, um das ganz klar zu sagen&#8220;<\/em><\/p>\n<p>Einige Top-Politiker fordern jetzt auch, dass die Impfpflicht bereits zum 1. Januar kommen soll! Mal sehen, was in den n\u00e4chsten Tagen beschlossen wird&#8230;<\/p>\n<h4 style=\"text-align: center;\"><strong>HIER DIE QUELLE<\/strong><\/h4>\n<blockquote class=\"twitter-tweet\">\n<p dir=\"ltr\" lang=\"de\">Corona-Beratungen: Olaf Scholz f\u00fcr allgemeine Impfpflicht <a href=\"https:\/\/t.co\/mBQZoSa4yX\">https:\/\/t.co\/mBQZoSa4yX<\/a><\/p>\n<p>\u2014 SPIEGEL Ticker (@SPIEGEL_alles) <a href=\"https:\/\/twitter.com\/SPIEGEL_alles\/status\/1465674498716225549?ref_src=twsrc%5Etfw\">November 30, 2021<\/a><\/p><\/blockquote>\n<p><script async src=\"https:\/\/platform.twitter.com\/widgets.js\" charset=\"utf-8\"><\/script><\/p>\n","protected":false},"excerpt":{"rendered":"<p>Seit 13 Uhr l\u00e4uft die entscheidende Konferenz mit Angela Merkel, den Chefs der 16 Bundesl\u00e4nder und Olaf Scholz. Ihr Thema: Wie geht es in Corona-Deutschland weiter? Den ersten Hammer gibt es nach etwa einer Stunde. Der kommende Kanzler wird deutlich! IMPFPFLICHT &#8222;Bald-Kanzler Olaf Scholz hat sich bei den internen Beratungen f\u00fcr eine allgemeine Impf-Pflicht ausgesprochen, [&hellip;]<\/p>\n","protected":false},"author":1,"featured_media":272139,"comment_status":"open","ping_status":"open","sticky":false,"template":"","format":"standard","meta":{"footnotes":""},"categories":[1],"tags":[],"class_list":["post-272138","post","type-post","status-publish","format-standard","has-post-thumbnail","hentry","category-allgemein"],"publishpress_future_action":{"enabled":false,"date":"1970-01-01 00:00:00","action":"","terms":[],"taxonomy":"","browser_timezone_offset":0},"featured_media_src_url":"https:\/\/90x.deinupdate.de\/wp-content\/uploads\/2021\/11\/Bildschirmfoto-2021-11-30-um-14.07.51.png","acf":{"enable_amazon_playlist_tag_matching":true,"voting_title":"DEINE MEINUNG?","voting_items":[{"title":"Sie muss kommen!","image":"https:\/\/90x.deinupdate.de\/wp-content\/uploads\/2021\/11\/Bildschirmfoto-2021-11-30-um-13.35.38.png"},{"title":"Bin dagegen!","image":"https:\/\/90x.deinupdate.de\/wp-content\/uploads\/2021\/11\/Bildschirmfoto-2021-11-29-um-17.03.33.png"}],"add_smiley_voting":true},"_links":{"self":[{"href":"https:\/\/90x.deinupdate.de\/index.php?rest_route=\/wp\/v2\/posts\/272138","targetHints":{"allow":["GET"]}}],"collection":[{"href":"https:\/\/90x.deinupdate.de\/index.php?rest_route=\/wp\/v2\/posts"}],"about":[{"href":"https:\/\/90x.deinupdate.de\/index.php?rest_route=\/wp\/v2\/types\/post"}],"author":[{"embeddable":true,"href":"https:\/\/90x.deinupdate.de\/index.php?rest_route=\/wp\/v2\/users\/1"}],"replies":[{"embeddable":true,"href":"https:\/\/90x.deinupdate.de\/index.php?rest_route=%2Fwp%2Fv2%2Fcomments&post=272138"}],"version-history":[{"count":8,"href":"https:\/\/90x.deinupdate.de\/index.php?rest_route=\/wp\/v2\/posts\/272138\/revisions"}],"predecessor-version":[{"id":272168,"href":"https:\/\/90x.deinupdate.de\/index.php?rest_route=\/wp\/v2\/posts\/272138\/revisions\/272168"}],"wp:featuredmedia":[{"embeddable":true,"href":"https:\/\/90x.deinupdate.de\/index.php?rest_route=\/wp\/v2\/media\/272139"}],"wp:attachment":[{"href":"https:\/\/90x.deinupdate.de\/index.php?rest_route=%2Fwp%2Fv2%2Fmedia&parent=272138"}],"wp:term":[{"taxonomy":"category","embeddable":true,"href":"https:\/\/90x.deinupdate.de\/index.php?rest_route=%2Fwp%2Fv2%2Fcategories&post=272138"},{"taxonomy":"post_tag","embeddable":true,"href":"https:\/\/90x.deinupdate.de\/index.php?rest_route=%2Fwp%2Fv2%2Ftags&post=272138"}],"curies":[{"name":"wp","href":"https:\/\/api.w.org\/{rel}","templated":true}]}}