{"id":271579,"date":"2021-11-29T13:19:46","date_gmt":"2021-11-29T13:19:46","guid":{"rendered":"https:\/\/www.deinupdate.de\/?p=271579"},"modified":"2021-11-29T13:24:10","modified_gmt":"2021-11-29T13:24:10","slug":"eil-morgen","status":"publish","type":"post","link":"https:\/\/90x.deinupdate.de\/?p=271579","title":{"rendered":"MORGEN!"},"content":{"rendered":"<p>Es war alles eigentlich erst f\u00fcr den 9. Dezember geplant, also in der kommenden Woche. Doch sp\u00e4testens die Ankunft von Omikron hat klar gemacht: Es muss schneller gehen. Jetzt passiert alles schon morgen&#8230;<\/p>\n<h4 style=\"text-align: center;\"><strong>CORONA-GIPFEL<\/strong><\/h4>\n<p>Bereits am Dienstag Mittag wird es eine Art Mini-MPK mit Noch-Kanzlerin Merkel, ihrem Nachfolger Olaf Scholz und den Chefs der 16 Bundesl\u00e4nder geben.<\/p>\n<p>Thema der Konferenz: Welche Ma\u00dfnahmen braucht Deutschland gegen Corona? Die Zahlen steigen weiter, jetzt kommt die gef\u00e4hrliche Omikron-Variante hinzu!<\/p>\n<p><img loading=\"lazy\" decoding=\"async\" class=\"alignnone size-full wp-image-271087\" src=\"https:\/\/www.deinupdate.de\/wp-content\/uploads\/2021\/11\/Bildschirmfoto-2021-11-27-um-23.11.55.png\" alt=\"\" width=\"944\" height=\"630\" srcset=\"https:\/\/90x.deinupdate.de\/wp-content\/uploads\/2021\/11\/Bildschirmfoto-2021-11-27-um-23.11.55.png 944w, https:\/\/90x.deinupdate.de\/wp-content\/uploads\/2021\/11\/Bildschirmfoto-2021-11-27-um-23.11.55-300x200.png 300w, https:\/\/90x.deinupdate.de\/wp-content\/uploads\/2021\/11\/Bildschirmfoto-2021-11-27-um-23.11.55-768x513.png 768w\" sizes=\"auto, (max-width: 944px) 100vw, 944px\" \/><\/p>\n<h4 style=\"text-align: center;\"><strong>HINTERGRUND<\/strong><\/h4>\n<p>Ein weiterer Grund f\u00fcr den Termin morgen: Kurz vorher entscheidet das Bundesverfassungs-Gericht, ob eine Bundesnotbremse rechtm\u00e4\u00dfig ist.<\/p>\n<p>Hei\u00dft: Kann der Staat die Bev\u00f6lkerung wieder zu Kontakt- und Ausgangs-Beschr\u00e4nkungen sowie Schulschlie\u00dfungen verpflichten?<\/p>\n<p>Direkt danach wollen Merkel &amp; Co. sich abstimmen, wie es mit Corona-Deutschland weitergeht. Gut m\u00f6glich, dass es dann wieder um einen Lockdown geht&#8230;<\/p>\n<h4 style=\"text-align: center;\"><strong>HIER DIE QUELLE<\/strong><\/h4>\n<blockquote class=\"twitter-tweet\">\n<p dir=\"ltr\" lang=\"de\">? BREAKING: Corona-Lage \u2013 Ministerpr\u00e4sidenten sprechen am Dienstag mit Scholz und Merkel nach Bundesverfassungsgerichts-Urteil <a href=\"https:\/\/t.co\/BtPgdBRCar\">https:\/\/t.co\/BtPgdBRCar<\/a> <a href=\"https:\/\/t.co\/dmQMjPeQhG\">pic.twitter.com\/dmQMjPeQhG<\/a><\/p>\n<p>\u2014 WELT (@welt) <a href=\"https:\/\/twitter.com\/welt\/status\/1465301182008680453?ref_src=twsrc%5Etfw\">November 29, 2021<\/a><\/p><\/blockquote>\n<p><script async src=\"https:\/\/platform.twitter.com\/widgets.js\" charset=\"utf-8\"><\/script><\/p>\n","protected":false},"excerpt":{"rendered":"<p>Es war alles eigentlich erst f\u00fcr den 9. Dezember geplant, also in der kommenden Woche. Doch sp\u00e4testens die Ankunft von Omikron hat klar gemacht: Es muss schneller gehen. Jetzt passiert alles schon morgen&#8230; CORONA-GIPFEL Bereits am Dienstag Mittag wird es eine Art Mini-MPK mit Noch-Kanzlerin Merkel, ihrem Nachfolger Olaf Scholz und den Chefs der 16 [&hellip;]<\/p>\n","protected":false},"author":1,"featured_media":271580,"comment_status":"open","ping_status":"open","sticky":false,"template":"","format":"standard","meta":{"footnotes":""},"categories":[1],"tags":[],"class_list":["post-271579","post","type-post","status-publish","format-standard","has-post-thumbnail","hentry","category-allgemein"],"publishpress_future_action":{"enabled":false,"date":"1970-01-01 00:00:00","action":"","terms":[],"taxonomy":"","browser_timezone_offset":0},"featured_media_src_url":"https:\/\/90x.deinupdate.de\/wp-content\/uploads\/2021\/11\/Bildschirmfoto-2021-11-29-um-14.06.35-1024x582.png","acf":{"enable_amazon_playlist_tag_matching":true,"voting_title":"WAS PASSIERT MORGEN?","voting_items":[{"title":"Ein neuer Lockdown kommt!","image":"https:\/\/90x.deinupdate.de\/wp-content\/uploads\/2021\/11\/Bildschirmfoto-2021-11-29-um-14.06.35.png"},{"title":"Es wird nicht so drastisch!","image":"https:\/\/90x.deinupdate.de\/wp-content\/uploads\/2021\/11\/Bildschirmfoto-2021-11-28-um-16.40.48.png"}],"add_smiley_voting":true},"_links":{"self":[{"href":"https:\/\/90x.deinupdate.de\/index.php?rest_route=\/wp\/v2\/posts\/271579","targetHints":{"allow":["GET"]}}],"collection":[{"href":"https:\/\/90x.deinupdate.de\/index.php?rest_route=\/wp\/v2\/posts"}],"about":[{"href":"https:\/\/90x.deinupdate.de\/index.php?rest_route=\/wp\/v2\/types\/post"}],"author":[{"embeddable":true,"href":"https:\/\/90x.deinupdate.de\/index.php?rest_route=\/wp\/v2\/users\/1"}],"replies":[{"embeddable":true,"href":"https:\/\/90x.deinupdate.de\/index.php?rest_route=%2Fwp%2Fv2%2Fcomments&post=271579"}],"version-history":[{"count":5,"href":"https:\/\/90x.deinupdate.de\/index.php?rest_route=\/wp\/v2\/posts\/271579\/revisions"}],"predecessor-version":[{"id":271601,"href":"https:\/\/90x.deinupdate.de\/index.php?rest_route=\/wp\/v2\/posts\/271579\/revisions\/271601"}],"wp:featuredmedia":[{"embeddable":true,"href":"https:\/\/90x.deinupdate.de\/index.php?rest_route=\/wp\/v2\/media\/271580"}],"wp:attachment":[{"href":"https:\/\/90x.deinupdate.de\/index.php?rest_route=%2Fwp%2Fv2%2Fmedia&parent=271579"}],"wp:term":[{"taxonomy":"category","embeddable":true,"href":"https:\/\/90x.deinupdate.de\/index.php?rest_route=%2Fwp%2Fv2%2Fcategories&post=271579"},{"taxonomy":"post_tag","embeddable":true,"href":"https:\/\/90x.deinupdate.de\/index.php?rest_route=%2Fwp%2Fv2%2Ftags&post=271579"}],"curies":[{"name":"wp","href":"https:\/\/api.w.org\/{rel}","templated":true}]}}