{"id":270367,"date":"2021-11-26T11:04:09","date_gmt":"2021-11-26T11:04:09","guid":{"rendered":"https:\/\/www.deinupdate.de\/?p=270367"},"modified":"2021-11-26T11:06:15","modified_gmt":"2021-11-26T11:06:15","slug":"lockdown-jetzt-%e2%80%bc%ef%b8%8f%e2%80%bc%ef%b8%8f%e2%80%bc%ef%b8%8f","status":"publish","type":"post","link":"https:\/\/90x.deinupdate.de\/?p=270367","title":{"rendered":"LOCKDOWN, JETZT!"},"content":{"rendered":"<p>Er fordert sie soeben bei einem \u00f6ffentlichen Termin erstmals ein. Er will die Bundesnotbremse \u2013 und zwar so schnell wie m\u00f6glich. Die Corona-Zahlen in Deutschland sind ihm einfach zu schlecht&#8230;<\/p>\n<h4 style=\"text-align: center;\"><strong>S\u00d6DER<\/strong><\/h4>\n<p><em>&#8222;Wir brauchen eine wirksame nationale Eind\u00e4mmungs-Strategie, eine einheitliche Bundesnotbremse und ebenso eine raschere Ministerpr\u00e4sidenten-Konferenz&#8220;<\/em><\/p>\n<p>Das sagt der Landeschef Bayerns am Freitag Vormittag. Mit anderen Worten: F\u00fcr S\u00f6der muss ein Lockdown her, in ganz Deutschland.<\/p>\n<p>Dazu schl\u00e4gt der CSU-Politiker erneut eine allgemeine Impfpflicht vor. Und zwar schon in wenigen Wochen.<\/p>\n<p><img loading=\"lazy\" decoding=\"async\" class=\"alignnone size-full wp-image-270369\" src=\"https:\/\/www.deinupdate.de\/wp-content\/uploads\/2021\/11\/Bildschirmfoto-2021-11-26-um-11.32.17.png\" alt=\"\" width=\"812\" height=\"544\" srcset=\"https:\/\/90x.deinupdate.de\/wp-content\/uploads\/2021\/11\/Bildschirmfoto-2021-11-26-um-11.32.17.png 812w, https:\/\/90x.deinupdate.de\/wp-content\/uploads\/2021\/11\/Bildschirmfoto-2021-11-26-um-11.32.17-300x201.png 300w, https:\/\/90x.deinupdate.de\/wp-content\/uploads\/2021\/11\/Bildschirmfoto-2021-11-26-um-11.32.17-768x515.png 768w\" sizes=\"auto, (max-width: 812px) 100vw, 812px\" \/><\/p>\n<h4 style=\"text-align: center;\"><strong>AB 1. JANUAR<\/strong><\/h4>\n<p><em>&#8222;Wir brauchen eine Impfpflicht und zwar so schnell wie m\u00f6glich. Am besten schon am 1. Januar&#8220;<\/em><\/p>\n<p>Mal sehen, ob er sich mit seinem Vorschlag durchsetzen kann!<\/p>\n<h4 style=\"text-align: center;\"><strong>HIER SEHT IHR ES<\/strong><\/h4>\n<blockquote class=\"twitter-tweet\">\n<p dir=\"ltr\" lang=\"de\">Deutschland ist mittlerweile Corona-Sorgenkind in Europa. Wir brauchen dringend eine nationale Eind\u00e4mmungsstrategie und eine einheitliche Bundesnotbremse. N\u00f6tig ist auch eine allgemeine Impfpflicht am besten ab 1. Januar. Nur Impfen kann uns aus der Dauerschleife Corona befreien.<\/p>\n<p>\u2014 Markus S\u00f6der (@Markus_Soeder) <a href=\"https:\/\/twitter.com\/Markus_Soeder\/status\/1464184896721756160?ref_src=twsrc%5Etfw\">November 26, 2021<\/a><\/p><\/blockquote>\n<p><script async src=\"https:\/\/platform.twitter.com\/widgets.js\" charset=\"utf-8\"><\/script><\/p>\n","protected":false},"excerpt":{"rendered":"<p>Er fordert sie soeben bei einem \u00f6ffentlichen Termin erstmals ein. Er will die Bundesnotbremse \u2013 und zwar so schnell wie m\u00f6glich. Die Corona-Zahlen in Deutschland sind ihm einfach zu schlecht&#8230; S\u00d6DER &#8222;Wir brauchen eine wirksame nationale Eind\u00e4mmungs-Strategie, eine einheitliche Bundesnotbremse und ebenso eine raschere Ministerpr\u00e4sidenten-Konferenz&#8220; Das sagt der Landeschef Bayerns am Freitag Vormittag. Mit anderen [&hellip;]<\/p>\n","protected":false},"author":1,"featured_media":270368,"comment_status":"open","ping_status":"open","sticky":false,"template":"","format":"standard","meta":{"footnotes":""},"categories":[1],"tags":[],"class_list":["post-270367","post","type-post","status-publish","format-standard","has-post-thumbnail","hentry","category-allgemein"],"publishpress_future_action":{"enabled":false,"date":"1970-01-01 00:00:00","action":"","terms":[],"taxonomy":"","browser_timezone_offset":0},"featured_media_src_url":"https:\/\/90x.deinupdate.de\/wp-content\/uploads\/2021\/11\/Bildschirmfoto-2021-11-26-um-11.25.26.png","acf":{"enable_amazon_playlist_tag_matching":true,"voting_title":"BUNDESNOTBREMSE?","voting_items":[{"title":"Sie muss kommen!","image":"https:\/\/90x.deinupdate.de\/wp-content\/uploads\/2021\/11\/Bildschirmfoto-2021-11-25-um-17.01.41.png"},{"title":"\u00dcbertrieben!","image":"https:\/\/90x.deinupdate.de\/wp-content\/uploads\/2021\/11\/Bildschirmfoto-2021-11-25-um-19.12.49.png"}],"add_smiley_voting":true},"_links":{"self":[{"href":"https:\/\/90x.deinupdate.de\/index.php?rest_route=\/wp\/v2\/posts\/270367","targetHints":{"allow":["GET"]}}],"collection":[{"href":"https:\/\/90x.deinupdate.de\/index.php?rest_route=\/wp\/v2\/posts"}],"about":[{"href":"https:\/\/90x.deinupdate.de\/index.php?rest_route=\/wp\/v2\/types\/post"}],"author":[{"embeddable":true,"href":"https:\/\/90x.deinupdate.de\/index.php?rest_route=\/wp\/v2\/users\/1"}],"replies":[{"embeddable":true,"href":"https:\/\/90x.deinupdate.de\/index.php?rest_route=%2Fwp%2Fv2%2Fcomments&post=270367"}],"version-history":[{"count":3,"href":"https:\/\/90x.deinupdate.de\/index.php?rest_route=\/wp\/v2\/posts\/270367\/revisions"}],"predecessor-version":[{"id":270400,"href":"https:\/\/90x.deinupdate.de\/index.php?rest_route=\/wp\/v2\/posts\/270367\/revisions\/270400"}],"wp:featuredmedia":[{"embeddable":true,"href":"https:\/\/90x.deinupdate.de\/index.php?rest_route=\/wp\/v2\/media\/270368"}],"wp:attachment":[{"href":"https:\/\/90x.deinupdate.de\/index.php?rest_route=%2Fwp%2Fv2%2Fmedia&parent=270367"}],"wp:term":[{"taxonomy":"category","embeddable":true,"href":"https:\/\/90x.deinupdate.de\/index.php?rest_route=%2Fwp%2Fv2%2Fcategories&post=270367"},{"taxonomy":"post_tag","embeddable":true,"href":"https:\/\/90x.deinupdate.de\/index.php?rest_route=%2Fwp%2Fv2%2Ftags&post=270367"}],"curies":[{"name":"wp","href":"https:\/\/api.w.org\/{rel}","templated":true}]}}