{"id":270171,"date":"2021-11-25T16:59:00","date_gmt":"2021-11-25T16:59:00","guid":{"rendered":"https:\/\/www.deinupdate.de\/?p=270171"},"modified":"2021-11-25T17:01:08","modified_gmt":"2021-11-25T17:01:08","slug":"merkel-fordert-%f0%9f%94%92-lockdown-%f0%9f%94%92","status":"publish","type":"post","link":"https:\/\/90x.deinupdate.de\/?p=270171","title":{"rendered":"MERKEL FORDERT LOCKDOWN!"},"content":{"rendered":"<p>Die Lage ist ernst, sehr ernst. Nachdem am fr\u00fchen Donnerstag (mal wieder) ein neuer Corona-Rekord gemeldet wurde, macht sich Angela Merkel erneut f\u00fcr striktere Ma\u00dfnahmen stark&#8230;<\/p>\n<h4 style=\"text-align: center;\"><strong>STATEMENT<\/strong><\/h4>\n<p class=\"m-ten m-offset-one l-eight l-offset-two textabsatz columns twelve\"><em>&#8222;Wir brauchen mehr Beschr\u00e4nkungen von Kontakten.\u00a0Die Lage ist deshalb so ernst, weil wir nach wie vor in einem exponentiellen Wachstum sind&#8220;<\/em><\/p>\n<p class=\"m-ten m-offset-one l-eight l-offset-two textabsatz columns twelve\">Soo Merkel am Donnerstag in Berlin.<\/p>\n<p>Bereits am sp\u00e4ten Dienstag Abend hatte sie der Ampel-Koalition einen kurzen harten Lockdown vorgeschlagen &#8211; ihr Vorschlag wurde jedoch von der baldigen Regierung zur\u00fcckgewiesen.<\/p>\n<p><img loading=\"lazy\" decoding=\"async\" class=\"alignnone size-full wp-image-269602\" src=\"https:\/\/www.deinupdate.de\/wp-content\/uploads\/2021\/11\/Bildschirmfoto-2021-11-24-um-15.16.48.png\" alt=\"\" width=\"1030\" height=\"682\" srcset=\"https:\/\/90x.deinupdate.de\/wp-content\/uploads\/2021\/11\/Bildschirmfoto-2021-11-24-um-15.16.48.png 1030w, https:\/\/90x.deinupdate.de\/wp-content\/uploads\/2021\/11\/Bildschirmfoto-2021-11-24-um-15.16.48-300x199.png 300w, https:\/\/90x.deinupdate.de\/wp-content\/uploads\/2021\/11\/Bildschirmfoto-2021-11-24-um-15.16.48-768x509.png 768w, https:\/\/90x.deinupdate.de\/wp-content\/uploads\/2021\/11\/Bildschirmfoto-2021-11-24-um-15.16.48-1024x678.png 1024w\" sizes=\"auto, (max-width: 1030px) 100vw, 1030px\" \/><\/p>\n<p class=\"m-ten m-offset-one l-eight l-offset-two textabsatz columns twelve\">Nach bisherigem Zeitplan soll Scholz in der \u00fcbern\u00e4chsten Woche zum Kanzler gew\u00e4hlt werden.<\/p>\n<p class=\"m-ten m-offset-one l-eight l-offset-two textabsatz columns twelve\">Erst danach, am 9. Dezember, findet dann ein weiteres Treffen der Regierung zur Corona-Lage statt.<\/p>\n<p><strong>F\u00fcr Merkel UND auch S\u00f6der zu sp\u00e4t!<\/strong><\/p>\n<p><img loading=\"lazy\" decoding=\"async\" class=\"alignnone size-full wp-image-270173\" src=\"https:\/\/www.deinupdate.de\/wp-content\/uploads\/2021\/11\/Bildschirmfoto-2021-11-25-um-17.51.22.png\" alt=\"\" width=\"858\" height=\"550\" srcset=\"https:\/\/90x.deinupdate.de\/wp-content\/uploads\/2021\/11\/Bildschirmfoto-2021-11-25-um-17.51.22.png 858w, https:\/\/90x.deinupdate.de\/wp-content\/uploads\/2021\/11\/Bildschirmfoto-2021-11-25-um-17.51.22-300x192.png 300w, https:\/\/90x.deinupdate.de\/wp-content\/uploads\/2021\/11\/Bildschirmfoto-2021-11-25-um-17.51.22-768x492.png 768w, https:\/\/90x.deinupdate.de\/wp-content\/uploads\/2021\/11\/Bildschirmfoto-2021-11-25-um-17.51.22-750x480.png 750w\" sizes=\"auto, (max-width: 858px) 100vw, 858px\" \/><\/p>\n<h4 style=\"text-align: center;\"><strong>&#8222;LOCKDOWN EINZIGE OPTION&#8220;<\/strong><\/h4>\n<p>R\u00fcckenwind erh\u00e4lt Angela Merkel auch aus der Wissenschaft.\u00a0Tobias Kurth, Direktor des Instituts f\u00fcr Public Health der Berliner Charit\u00e9 wird sehr deutlich:<\/p>\n<p><em>&#8222;F\u00fcr jede Minute, in der wir z\u00f6gern, ernsthafte Ma\u00dfnahmen zu ergreifen, werden wir diesen Notstand weiter haben. Und wir werden mehr F\u00e4lle von Menschen sehen, die eingeliefert werden m\u00fcssen und Menschen, die leider sterben werden. Wir haben viel zu lange gewartet, um Ma\u00dfnahmen zu ergreifen, und jetzt gibt es keine anderen M\u00f6glichkeiten als die Abriegelung&#8220;<\/em><\/p>\n<p><img loading=\"lazy\" decoding=\"async\" class=\"alignnone size-full wp-image-268531\" src=\"https:\/\/www.deinupdate.de\/wp-content\/uploads\/2021\/11\/Bildschirmfoto-2021-11-21-um-21.09.34.png\" alt=\"\" width=\"878\" height=\"554\" srcset=\"https:\/\/90x.deinupdate.de\/wp-content\/uploads\/2021\/11\/Bildschirmfoto-2021-11-21-um-21.09.34.png 878w, https:\/\/90x.deinupdate.de\/wp-content\/uploads\/2021\/11\/Bildschirmfoto-2021-11-21-um-21.09.34-300x189.png 300w, https:\/\/90x.deinupdate.de\/wp-content\/uploads\/2021\/11\/Bildschirmfoto-2021-11-21-um-21.09.34-768x485.png 768w\" sizes=\"auto, (max-width: 878px) 100vw, 878px\" \/><\/p>\n<p>Klarere Worte gehen fast nicht&#8230;<\/p>\n<h4 style=\"text-align: center;\"><strong>HIER DIE QUELLE<\/strong><\/h4>\n<blockquote class=\"twitter-tweet\">\n<p dir=\"ltr\" lang=\"de\">&#8222;Wir brauchen mehr Beschr\u00e4nkungen von Kontakten&#8220;, sagt <a href=\"https:\/\/twitter.com\/hashtag\/Kanzlerin?src=hash&amp;ref_src=twsrc%5Etfw\">#Kanzlerin<\/a> Angela <a href=\"https:\/\/twitter.com\/hashtag\/Merkel?src=hash&amp;ref_src=twsrc%5Etfw\">#Merkel<\/a>. Sie sei &#8222;von der gro\u00dfen Ernsthaftigkeit der Situation \u00fcberzeugt&#8220;. <a href=\"https:\/\/twitter.com\/hashtag\/Corona?src=hash&amp;ref_src=twsrc%5Etfw\">#Corona<\/a> <a href=\"https:\/\/t.co\/x11NWGtshI\">https:\/\/t.co\/x11NWGtshI<\/a><\/p>\n<p>\u2014 ZEIT ONLINE Politik (@zeitonline_pol) <a href=\"https:\/\/twitter.com\/zeitonline_pol\/status\/1463904120465674241?ref_src=twsrc%5Etfw\">November 25, 2021<\/a><\/p><\/blockquote>\n<p><script async src=\"https:\/\/platform.twitter.com\/widgets.js\" charset=\"utf-8\"><\/script><\/p>\n","protected":false},"excerpt":{"rendered":"<p>Die Lage ist ernst, sehr ernst. Nachdem am fr\u00fchen Donnerstag (mal wieder) ein neuer Corona-Rekord gemeldet wurde, macht sich Angela Merkel erneut f\u00fcr striktere Ma\u00dfnahmen stark&#8230; STATEMENT &#8222;Wir brauchen mehr Beschr\u00e4nkungen von Kontakten.\u00a0Die Lage ist deshalb so ernst, weil wir nach wie vor in einem exponentiellen Wachstum sind&#8220; Soo Merkel am Donnerstag in Berlin. Bereits [&hellip;]<\/p>\n","protected":false},"author":1,"featured_media":268532,"comment_status":"open","ping_status":"open","sticky":false,"template":"","format":"standard","meta":{"footnotes":""},"categories":[1],"tags":[],"class_list":["post-270171","post","type-post","status-publish","format-standard","has-post-thumbnail","hentry","category-allgemein"],"publishpress_future_action":{"enabled":false,"date":"1970-01-01 00:00:00","action":"","terms":[],"taxonomy":"","browser_timezone_offset":0},"featured_media_src_url":"https:\/\/90x.deinupdate.de\/wp-content\/uploads\/2021\/11\/Bildschirmfoto-2021-11-21-um-21.09.40.png","acf":{"enable_amazon_playlist_tag_matching":true,"voting_title":"DEINE MEINUNG?","voting_items":[{"title":"Merkel hat leider Recht!","image":"https:\/\/90x.deinupdate.de\/wp-content\/uploads\/2021\/11\/Bildschirmfoto-2021-11-25-um-17.50.32.png"},{"title":"Kein Lockdown mehr!","image":"https:\/\/90x.deinupdate.de\/wp-content\/uploads\/2021\/11\/Bildschirmfoto-2021-11-21-um-21.13.59.png"}],"add_smiley_voting":true},"_links":{"self":[{"href":"https:\/\/90x.deinupdate.de\/index.php?rest_route=\/wp\/v2\/posts\/270171","targetHints":{"allow":["GET"]}}],"collection":[{"href":"https:\/\/90x.deinupdate.de\/index.php?rest_route=\/wp\/v2\/posts"}],"about":[{"href":"https:\/\/90x.deinupdate.de\/index.php?rest_route=\/wp\/v2\/types\/post"}],"author":[{"embeddable":true,"href":"https:\/\/90x.deinupdate.de\/index.php?rest_route=\/wp\/v2\/users\/1"}],"replies":[{"embeddable":true,"href":"https:\/\/90x.deinupdate.de\/index.php?rest_route=%2Fwp%2Fv2%2Fcomments&post=270171"}],"version-history":[{"count":4,"href":"https:\/\/90x.deinupdate.de\/index.php?rest_route=\/wp\/v2\/posts\/270171\/revisions"}],"predecessor-version":[{"id":270177,"href":"https:\/\/90x.deinupdate.de\/index.php?rest_route=\/wp\/v2\/posts\/270171\/revisions\/270177"}],"wp:featuredmedia":[{"embeddable":true,"href":"https:\/\/90x.deinupdate.de\/index.php?rest_route=\/wp\/v2\/media\/268532"}],"wp:attachment":[{"href":"https:\/\/90x.deinupdate.de\/index.php?rest_route=%2Fwp%2Fv2%2Fmedia&parent=270171"}],"wp:term":[{"taxonomy":"category","embeddable":true,"href":"https:\/\/90x.deinupdate.de\/index.php?rest_route=%2Fwp%2Fv2%2Fcategories&post=270171"},{"taxonomy":"post_tag","embeddable":true,"href":"https:\/\/90x.deinupdate.de\/index.php?rest_route=%2Fwp%2Fv2%2Ftags&post=270171"}],"curies":[{"name":"wp","href":"https:\/\/api.w.org\/{rel}","templated":true}]}}