{"id":270006,"date":"2021-11-25T12:18:21","date_gmt":"2021-11-25T12:18:21","guid":{"rendered":"https:\/\/www.deinupdate.de\/?p=270006"},"modified":"2021-11-25T12:19:29","modified_gmt":"2021-11-25T12:19:29","slug":"sie-wollen-die-impfpflicht-%e2%9a%a0%ef%b8%8f%e2%9a%a0%ef%b8%8f%e2%9a%a0%ef%b8%8f","status":"publish","type":"post","link":"https:\/\/90x.deinupdate.de\/?p=270006","title":{"rendered":"SIE WOLLEN DIE IMPFPFLICHT!"},"content":{"rendered":"<p>Die vierte Welle rollt mit einer gewaltigen Dynamik \u00fcber Land. Nachdem am Mittwoch mit\u00a075.961(!) \u00a0Neuinfektionen ein neuer Rekord aufgestellt wurde und die Pl\u00e4tze in den Krankenh\u00e4usern knapp werden, schaltet sich nun ein extrem wichtiger Verband ein&#8230;<\/p>\n<h4 style=\"text-align: center;\"><strong>INTENSIVMEDIZINER<\/strong><\/h4>\n<p>SIE sehen t\u00e4glich das Leid der vielen Tausend Menschen im Krankenhaus: Die Fachgesellschaft der Deutschen Interdisziplin\u00e4ren Vereinigung f\u00fcr Intensiv- und Notfallmedizin (DIVI) hat sich f\u00fcr eine Impfpflicht aller B\u00fcrger \u00fcber 18 Jahre ausgesprochen.<\/p>\n<p><img loading=\"lazy\" decoding=\"async\" class=\"alignnone size-full wp-image-270013\" src=\"https:\/\/www.deinupdate.de\/wp-content\/uploads\/2021\/11\/Bildschirmfoto-2021-11-25-um-13.11.55.png\" alt=\"\" width=\"1562\" height=\"1188\" srcset=\"https:\/\/90x.deinupdate.de\/wp-content\/uploads\/2021\/11\/Bildschirmfoto-2021-11-25-um-13.11.55.png 1562w, https:\/\/90x.deinupdate.de\/wp-content\/uploads\/2021\/11\/Bildschirmfoto-2021-11-25-um-13.11.55-300x228.png 300w, https:\/\/90x.deinupdate.de\/wp-content\/uploads\/2021\/11\/Bildschirmfoto-2021-11-25-um-13.11.55-768x584.png 768w, https:\/\/90x.deinupdate.de\/wp-content\/uploads\/2021\/11\/Bildschirmfoto-2021-11-25-um-13.11.55-1024x779.png 1024w\" sizes=\"auto, (max-width: 1562px) 100vw, 1562px\" \/><\/p>\n<p>Die Impfpflicht f\u00fcr Erwachsene sei alternativlos um die Pandemie auch langfristig hinter sich zu lassen, so das Pr\u00e4sidium einstimmig.<\/p>\n<p><em>&#8222;Wir hatten eine h\u00f6here Impfbereitschaft in der Bev\u00f6lkerung erhofft und erwartet&#8220;<\/em><\/p>\n<p><img loading=\"lazy\" decoding=\"async\" class=\"alignnone size-full wp-image-270016\" src=\"https:\/\/www.deinupdate.de\/wp-content\/uploads\/2021\/11\/Bildschirmfoto-2021-11-25-um-13.15.05.png\" alt=\"\" width=\"980\" height=\"618\" srcset=\"https:\/\/90x.deinupdate.de\/wp-content\/uploads\/2021\/11\/Bildschirmfoto-2021-11-25-um-13.15.05.png 980w, https:\/\/90x.deinupdate.de\/wp-content\/uploads\/2021\/11\/Bildschirmfoto-2021-11-25-um-13.15.05-300x189.png 300w, https:\/\/90x.deinupdate.de\/wp-content\/uploads\/2021\/11\/Bildschirmfoto-2021-11-25-um-13.15.05-768x484.png 768w\" sizes=\"auto, (max-width: 980px) 100vw, 980px\" \/><\/p>\n<h4 style=\"text-align: center;\"><strong>F\u00dcR ALLE<\/strong><\/h4>\n<p>Eine Impfpflicht beispielsweise nur f\u00fcr das Pflegepersonal lehnt die DIVI hingegen ab: Diese sei weder ausreichend noch moralisch zu rechtfertigen.<\/p>\n<p><em>&#8222;Die alleinige Impflicht f\u00fcr medizinisches Personal in den Kliniken und Pflegekr\u00e4ften in Alten- und Pflegeheimen zu fordern, reicht nicht aus, um das Pandemiegeschehen in den Griff zu bekommen. Wir erwarten\u00a0Solidarit\u00e4t der gesamten Gesellschaft, um das Gesundheitssystem aufrechterhalten zu k\u00f6nnen\u201c<\/em><\/p>\n<p>Klare Worte!<\/p>\n<h4 style=\"text-align: center;\"><strong>HIER DIE QUELLE<\/strong><\/h4>\n<blockquote class=\"twitter-tweet\">\n<p dir=\"ltr\" lang=\"de\">Divi spricht sich offiziell f\u00fcr Impfpflicht f\u00fcr alle aus <a href=\"https:\/\/t.co\/pvevn5I2o8\">https:\/\/t.co\/pvevn5I2o8<\/a> <a href=\"https:\/\/t.co\/JP49tFj4PF\">pic.twitter.com\/JP49tFj4PF<\/a><\/p>\n<p>\u2014 WELT (@welt) <a href=\"https:\/\/twitter.com\/welt\/status\/1463838668955729920?ref_src=twsrc%5Etfw\">November 25, 2021<\/a><\/p><\/blockquote>\n<p><script async src=\"https:\/\/platform.twitter.com\/widgets.js\" charset=\"utf-8\"><\/script><\/p>\n","protected":false},"excerpt":{"rendered":"<p>Die vierte Welle rollt mit einer gewaltigen Dynamik \u00fcber Land. Nachdem am Mittwoch mit\u00a075.961(!) \u00a0Neuinfektionen ein neuer Rekord aufgestellt wurde und die Pl\u00e4tze in den Krankenh\u00e4usern knapp werden, schaltet sich nun ein extrem wichtiger Verband ein&#8230; INTENSIVMEDIZINER SIE sehen t\u00e4glich das Leid der vielen Tausend Menschen im Krankenhaus: Die Fachgesellschaft der Deutschen Interdisziplin\u00e4ren Vereinigung f\u00fcr [&hellip;]<\/p>\n","protected":false},"author":1,"featured_media":270017,"comment_status":"open","ping_status":"open","sticky":false,"template":"","format":"standard","meta":{"footnotes":""},"categories":[1],"tags":[],"class_list":["post-270006","post","type-post","status-publish","format-standard","has-post-thumbnail","hentry","category-allgemein"],"publishpress_future_action":{"enabled":false,"date":"1970-01-01 00:00:00","action":"","terms":[],"taxonomy":"","browser_timezone_offset":0},"featured_media_src_url":"https:\/\/90x.deinupdate.de\/wp-content\/uploads\/2021\/11\/Bildschirmfoto-2021-11-25-um-13.14.59.png","acf":{"enable_amazon_playlist_tag_matching":true,"voting_title":"DEINE MEINUNG?","voting_items":[{"title":"JA zur Impfpflicht!","image":"https:\/\/90x.deinupdate.de\/wp-content\/uploads\/2021\/11\/Bildschirmfoto-2021-11-22-um-11.18.55.png"},{"title":"NEIN zur Impfpflicht!","image":"https:\/\/90x.deinupdate.de\/wp-content\/uploads\/2021\/11\/Bildschirmfoto-2021-11-25-um-00.19.49.png"}],"add_smiley_voting":true},"_links":{"self":[{"href":"https:\/\/90x.deinupdate.de\/index.php?rest_route=\/wp\/v2\/posts\/270006","targetHints":{"allow":["GET"]}}],"collection":[{"href":"https:\/\/90x.deinupdate.de\/index.php?rest_route=\/wp\/v2\/posts"}],"about":[{"href":"https:\/\/90x.deinupdate.de\/index.php?rest_route=\/wp\/v2\/types\/post"}],"author":[{"embeddable":true,"href":"https:\/\/90x.deinupdate.de\/index.php?rest_route=\/wp\/v2\/users\/1"}],"replies":[{"embeddable":true,"href":"https:\/\/90x.deinupdate.de\/index.php?rest_route=%2Fwp%2Fv2%2Fcomments&post=270006"}],"version-history":[{"count":3,"href":"https:\/\/90x.deinupdate.de\/index.php?rest_route=\/wp\/v2\/posts\/270006\/revisions"}],"predecessor-version":[{"id":270022,"href":"https:\/\/90x.deinupdate.de\/index.php?rest_route=\/wp\/v2\/posts\/270006\/revisions\/270022"}],"wp:featuredmedia":[{"embeddable":true,"href":"https:\/\/90x.deinupdate.de\/index.php?rest_route=\/wp\/v2\/media\/270017"}],"wp:attachment":[{"href":"https:\/\/90x.deinupdate.de\/index.php?rest_route=%2Fwp%2Fv2%2Fmedia&parent=270006"}],"wp:term":[{"taxonomy":"category","embeddable":true,"href":"https:\/\/90x.deinupdate.de\/index.php?rest_route=%2Fwp%2Fv2%2Fcategories&post=270006"},{"taxonomy":"post_tag","embeddable":true,"href":"https:\/\/90x.deinupdate.de\/index.php?rest_route=%2Fwp%2Fv2%2Ftags&post=270006"}],"curies":[{"name":"wp","href":"https:\/\/api.w.org\/{rel}","templated":true}]}}