{"id":269919,"date":"2021-11-24T23:21:25","date_gmt":"2021-11-24T23:21:25","guid":{"rendered":"https:\/\/www.deinupdate.de\/?p=269919"},"modified":"2021-11-24T23:25:41","modified_gmt":"2021-11-24T23:25:41","slug":"das-corona-statement-auf-das-alle-gewartet-haben","status":"publish","type":"post","link":"https:\/\/90x.deinupdate.de\/?p=269919","title":{"rendered":"MACHTWORT!"},"content":{"rendered":"<p>Die vierte Welle ist da und trifft mit voller Wucht auf unser Land. Am Donnerstag wird es mit \u00fcber 70.000 (!) neuen F\u00e4llen einen neuen Rekord geben. Es ist Zeit zu handeln &#8211; das weiss auch unser neuer Bundeskanzler, der sich erstmals zu einer ganz brisanten Thematik \u00e4u\u00dfert&#8230;<\/p>\n<h4 style=\"text-align: center;\"><strong>IMPFPFLICHT<\/strong><\/h4>\n<p>Merkel ist die Vergangenheit, die Zukunft heisst Scholz! Nachdem am Mittwoch Mittag die neue Regierung vorgestellt wurde, meldet sich nun unser designierter Kanzler zu einer m\u00f6glichen Impfpflicht zu Wort.<\/p>\n<p><em>&#8222;Ausschlie\u00dfen darf man nichts.\u00a0Mit dem ersten Schritt ist die Debatte \u00fcber den zweiten er\u00f6ffnet&#8220;<\/em><\/p>\n<p>So Scholz beim ZDF!<\/p>\n<p><img loading=\"lazy\" decoding=\"async\" class=\"alignnone size-full wp-image-269920\" src=\"https:\/\/www.deinupdate.de\/wp-content\/uploads\/2021\/11\/Bildschirmfoto-2021-11-25-um-00.18.16.png\" alt=\"\" width=\"916\" height=\"612\" srcset=\"https:\/\/90x.deinupdate.de\/wp-content\/uploads\/2021\/11\/Bildschirmfoto-2021-11-25-um-00.18.16.png 916w, https:\/\/90x.deinupdate.de\/wp-content\/uploads\/2021\/11\/Bildschirmfoto-2021-11-25-um-00.18.16-300x200.png 300w, https:\/\/90x.deinupdate.de\/wp-content\/uploads\/2021\/11\/Bildschirmfoto-2021-11-25-um-00.18.16-768x513.png 768w\" sizes=\"auto, (max-width: 916px) 100vw, 916px\" \/><\/p>\n<h4 style=\"text-align: center;\"><strong>BEDEUTET<\/strong><\/h4>\n<p>Falsche Versprechen will Scholz nicht geben. Ein NEIN zur Impfpflicht ist ihm deshalb auch nicht zu entlocken, da bereits viele Ministerpr\u00e4sidenten mittlerweile klar sagen: Nur durch eine allgemeine Impfpflicht erlangen wir unser altes Leben zur\u00fcck!<\/p>\n<p>Macht es Deutschland also wie \u00d6sterreich und f\u00fchrt wom\u00f6glich doch noch die Impfpflicht ein?<\/p>\n<h4 style=\"text-align: center;\"><strong>HIER DIE QUELLE<\/strong><\/h4>\n<blockquote class=\"twitter-tweet\">\n<p dir=\"ltr\" lang=\"de\">Ampel-Pl\u00e4ne gegen Covid-19: Scholz will allgemeine Impfpflicht pr\u00fcfen <a href=\"https:\/\/t.co\/aW4CXDMpeg\">https:\/\/t.co\/aW4CXDMpeg<\/a><\/p>\n<p>\u2014 Tagesspiegel (@Tagesspiegel) <a href=\"https:\/\/twitter.com\/Tagesspiegel\/status\/1463543215282401283?ref_src=twsrc%5Etfw\">November 24, 2021<\/a><\/p><\/blockquote>\n<p><script async src=\"https:\/\/platform.twitter.com\/widgets.js\" charset=\"utf-8\"><\/script><\/p>\n","protected":false},"excerpt":{"rendered":"<p>Die vierte Welle ist da und trifft mit voller Wucht auf unser Land. Am Donnerstag wird es mit \u00fcber 70.000 (!) neuen F\u00e4llen einen neuen Rekord geben. Es ist Zeit zu handeln &#8211; das weiss auch unser neuer Bundeskanzler, der sich erstmals zu einer ganz brisanten Thematik \u00e4u\u00dfert&#8230; IMPFPFLICHT Merkel ist die Vergangenheit, die Zukunft [&hellip;]<\/p>\n","protected":false},"author":1,"featured_media":269921,"comment_status":"open","ping_status":"open","sticky":false,"template":"","format":"standard","meta":{"footnotes":""},"categories":[1],"tags":[],"class_list":["post-269919","post","type-post","status-publish","format-standard","has-post-thumbnail","hentry","category-allgemein"],"publishpress_future_action":{"enabled":false,"date":"1970-01-01 00:00:00","action":"","terms":[],"taxonomy":"","browser_timezone_offset":0},"featured_media_src_url":"https:\/\/90x.deinupdate.de\/wp-content\/uploads\/2021\/11\/Bildschirmfoto-2021-11-25-um-00.17.43-1024x672.png","acf":{"enable_amazon_playlist_tag_matching":true,"voting_title":"DEINE MEINUNG?","voting_items":[{"title":"Ich bin F\u00dcR eine Impfpflicht!","image":"https:\/\/90x.deinupdate.de\/wp-content\/uploads\/2021\/11\/Bildschirmfoto-2021-11-25-um-00.19.39.png"},{"title":"Ich bin GEGEN eine Impfpflicht!","image":"https:\/\/90x.deinupdate.de\/wp-content\/uploads\/2021\/11\/Bildschirmfoto-2021-11-25-um-00.19.49.png"}],"add_smiley_voting":true},"_links":{"self":[{"href":"https:\/\/90x.deinupdate.de\/index.php?rest_route=\/wp\/v2\/posts\/269919","targetHints":{"allow":["GET"]}}],"collection":[{"href":"https:\/\/90x.deinupdate.de\/index.php?rest_route=\/wp\/v2\/posts"}],"about":[{"href":"https:\/\/90x.deinupdate.de\/index.php?rest_route=\/wp\/v2\/types\/post"}],"author":[{"embeddable":true,"href":"https:\/\/90x.deinupdate.de\/index.php?rest_route=\/wp\/v2\/users\/1"}],"replies":[{"embeddable":true,"href":"https:\/\/90x.deinupdate.de\/index.php?rest_route=%2Fwp%2Fv2%2Fcomments&post=269919"}],"version-history":[{"count":4,"href":"https:\/\/90x.deinupdate.de\/index.php?rest_route=\/wp\/v2\/posts\/269919\/revisions"}],"predecessor-version":[{"id":269927,"href":"https:\/\/90x.deinupdate.de\/index.php?rest_route=\/wp\/v2\/posts\/269919\/revisions\/269927"}],"wp:featuredmedia":[{"embeddable":true,"href":"https:\/\/90x.deinupdate.de\/index.php?rest_route=\/wp\/v2\/media\/269921"}],"wp:attachment":[{"href":"https:\/\/90x.deinupdate.de\/index.php?rest_route=%2Fwp%2Fv2%2Fmedia&parent=269919"}],"wp:term":[{"taxonomy":"category","embeddable":true,"href":"https:\/\/90x.deinupdate.de\/index.php?rest_route=%2Fwp%2Fv2%2Fcategories&post=269919"},{"taxonomy":"post_tag","embeddable":true,"href":"https:\/\/90x.deinupdate.de\/index.php?rest_route=%2Fwp%2Fv2%2Ftags&post=269919"}],"curies":[{"name":"wp","href":"https:\/\/api.w.org\/{rel}","templated":true}]}}