{"id":269770,"date":"2021-11-24T18:36:08","date_gmt":"2021-11-24T18:36:08","guid":{"rendered":"https:\/\/www.deinupdate.de\/?p=269770"},"modified":"2021-11-24T18:41:29","modified_gmt":"2021-11-24T18:41:29","slug":"corona-schul-hammer-%e2%9a%a0%ef%b8%8f%e2%9a%a0%ef%b8%8f%e2%9a%a0%ef%b8%8f","status":"publish","type":"post","link":"https:\/\/90x.deinupdate.de\/?p=269770","title":{"rendered":"CORONA-SCHUL-HAMMER!"},"content":{"rendered":"<p>Es geht also wirklich wieder los! Nachdem im Jahr 2020 fast alle Sch\u00fcler fr\u00fcher in die Winterferien geschickt wurden, zeichnet sich in diesem Jahr ein Deja-Vu ab. Erste Bundesl\u00e4nder haben sich nun f\u00fcr diesen Schritt entschlossen&#8230;<\/p>\n<h4 style=\"text-align: center;\"><strong>ERINNERUNGEN<\/strong><\/h4>\n<p>Am Dienstag verk\u00fcndete Brandenburgs Ministerin f\u00fcr Bildung Britta Ernst (SPD), dass in ihrem Bundesland alle Sch\u00fcler wegen Corona drei Tage fr\u00fcher in die langen Weihnachtsferien gehen.<\/p>\n<p>Verd\u00e4chtig: Auch die so wichtige Pr\u00e4senzpflicht im Unterricht wird mal eben g\u00e4nzlich aufgehoben.<\/p>\n<p>In Sachsen-Anhalt kommt das nun Gleiche!<\/p>\n<p><img loading=\"lazy\" decoding=\"async\" class=\"alignnone size-full wp-image-269775\" src=\"https:\/\/www.deinupdate.de\/wp-content\/uploads\/2021\/11\/Bildschirmfoto-2021-11-24-um-19.22.16.png\" alt=\"\" width=\"1014\" height=\"626\" srcset=\"https:\/\/90x.deinupdate.de\/wp-content\/uploads\/2021\/11\/Bildschirmfoto-2021-11-24-um-19.22.16.png 1014w, https:\/\/90x.deinupdate.de\/wp-content\/uploads\/2021\/11\/Bildschirmfoto-2021-11-24-um-19.22.16-300x185.png 300w, https:\/\/90x.deinupdate.de\/wp-content\/uploads\/2021\/11\/Bildschirmfoto-2021-11-24-um-19.22.16-768x474.png 768w\" sizes=\"auto, (max-width: 1014px) 100vw, 1014px\" \/><\/p>\n<p>M\u00fcssen Familien jetzt wieder zittern? Denn genau SO begann der Mega-Schul-Lockdown im letzten Winter:\u00a0Aus ein paar zus\u00e4tzlichen Ferientagen wurden viele Monate ohne regul\u00e4ren Unterricht!<\/p>\n<h4 style=\"text-align: center;\"><strong>AKTUELLE LAGE<\/strong><\/h4>\n<p>Auch Baden-W\u00fcrttembergs Ministerpr\u00e4sident Winfried Kretschmann hat sich bereits zu dem Thema Schul-Schlie\u00dfungen ge\u00e4u\u00dfert und will diese NICHT ausschlie\u00dfen.<\/p>\n<p><img loading=\"lazy\" decoding=\"async\" class=\"alignnone size-full wp-image-269787\" src=\"https:\/\/www.deinupdate.de\/wp-content\/uploads\/2021\/11\/Bildschirmfoto-2021-11-24-um-19.32.55.png\" alt=\"\" width=\"966\" height=\"632\" srcset=\"https:\/\/90x.deinupdate.de\/wp-content\/uploads\/2021\/11\/Bildschirmfoto-2021-11-24-um-19.32.55.png 966w, https:\/\/90x.deinupdate.de\/wp-content\/uploads\/2021\/11\/Bildschirmfoto-2021-11-24-um-19.32.55-300x196.png 300w, https:\/\/90x.deinupdate.de\/wp-content\/uploads\/2021\/11\/Bildschirmfoto-2021-11-24-um-19.32.55-768x502.png 768w\" sizes=\"auto, (max-width: 966px) 100vw, 966px\" \/><\/p>\n<p>Bisher noch strikt dagegen: Sachsen,\u00a0Bremen, Mecklenburg-Vorpommern, NRW, Schleswig-Holstein, Hessen und Bayern.<\/p>\n<p>Doch die Lage kann sich schnell \u00e4ndern. 2020 ging es auch ganz langsam los &#8211; und am Ende war dann ALLES zu&#8230;<\/p>\n","protected":false},"excerpt":{"rendered":"<p>Es geht also wirklich wieder los! Nachdem im Jahr 2020 fast alle Sch\u00fcler fr\u00fcher in die Winterferien geschickt wurden, zeichnet sich in diesem Jahr ein Deja-Vu ab. Erste Bundesl\u00e4nder haben sich nun f\u00fcr diesen Schritt entschlossen&#8230; ERINNERUNGEN Am Dienstag verk\u00fcndete Brandenburgs Ministerin f\u00fcr Bildung Britta Ernst (SPD), dass in ihrem Bundesland alle Sch\u00fcler wegen Corona [&hellip;]<\/p>\n","protected":false},"author":1,"featured_media":269776,"comment_status":"open","ping_status":"open","sticky":false,"template":"","format":"standard","meta":{"footnotes":""},"categories":[1],"tags":[],"class_list":["post-269770","post","type-post","status-publish","format-standard","has-post-thumbnail","hentry","category-allgemein"],"publishpress_future_action":{"enabled":false,"date":"1970-01-01 00:00:00","action":"","terms":[],"taxonomy":"","browser_timezone_offset":0},"featured_media_src_url":"https:\/\/90x.deinupdate.de\/wp-content\/uploads\/2021\/11\/Bildschirmfoto-2021-11-24-um-19.21.45.png","acf":{"enable_amazon_playlist_tag_matching":true,"voting_title":"SCHULEN ZU?","voting_items":[{"title":"Ist wohl besser!","image":"https:\/\/90x.deinupdate.de\/wp-content\/uploads\/2021\/11\/Bildschirmfoto-2021-11-24-um-19.31.43.png"},{"title":"Auf keinen Fall!","image":"https:\/\/90x.deinupdate.de\/wp-content\/uploads\/2021\/11\/Bildschirmfoto-2021-11-24-um-19.32.15.png"}],"add_smiley_voting":true},"_links":{"self":[{"href":"https:\/\/90x.deinupdate.de\/index.php?rest_route=\/wp\/v2\/posts\/269770","targetHints":{"allow":["GET"]}}],"collection":[{"href":"https:\/\/90x.deinupdate.de\/index.php?rest_route=\/wp\/v2\/posts"}],"about":[{"href":"https:\/\/90x.deinupdate.de\/index.php?rest_route=\/wp\/v2\/types\/post"}],"author":[{"embeddable":true,"href":"https:\/\/90x.deinupdate.de\/index.php?rest_route=\/wp\/v2\/users\/1"}],"replies":[{"embeddable":true,"href":"https:\/\/90x.deinupdate.de\/index.php?rest_route=%2Fwp%2Fv2%2Fcomments&post=269770"}],"version-history":[{"count":8,"href":"https:\/\/90x.deinupdate.de\/index.php?rest_route=\/wp\/v2\/posts\/269770\/revisions"}],"predecessor-version":[{"id":269804,"href":"https:\/\/90x.deinupdate.de\/index.php?rest_route=\/wp\/v2\/posts\/269770\/revisions\/269804"}],"wp:featuredmedia":[{"embeddable":true,"href":"https:\/\/90x.deinupdate.de\/index.php?rest_route=\/wp\/v2\/media\/269776"}],"wp:attachment":[{"href":"https:\/\/90x.deinupdate.de\/index.php?rest_route=%2Fwp%2Fv2%2Fmedia&parent=269770"}],"wp:term":[{"taxonomy":"category","embeddable":true,"href":"https:\/\/90x.deinupdate.de\/index.php?rest_route=%2Fwp%2Fv2%2Fcategories&post=269770"},{"taxonomy":"post_tag","embeddable":true,"href":"https:\/\/90x.deinupdate.de\/index.php?rest_route=%2Fwp%2Fv2%2Ftags&post=269770"}],"curies":[{"name":"wp","href":"https:\/\/api.w.org\/{rel}","templated":true}]}}