{"id":269697,"date":"2021-11-24T16:30:38","date_gmt":"2021-11-24T16:30:38","guid":{"rendered":"https:\/\/www.deinupdate.de\/?p=269697"},"modified":"2021-11-24T16:38:55","modified_gmt":"2021-11-24T16:38:55","slug":"cannabis-legalisierung-er-hat-was-dagegen","status":"publish","type":"post","link":"https:\/\/90x.deinupdate.de\/?p=269697","title":{"rendered":"Cannabis-Legalisierung: ER hat was dagegen!"},"content":{"rendered":"<p>Es ist soweit: Die Ampel-Koalition aus SPD, FDP und Gr\u00fcne wird Cannabis legalisieren. W\u00e4hrend ein gro\u00dfer Teil der Bev\u00f6lkerung diese Entscheidung bef\u00fcrwortet, gibt es jedoch auch Gegenwind. Dieses Mal aus Bayern&#8230;<\/p>\n<h4 style=\"text-align: center;\"><strong>MARKUS S\u00d6DER<\/strong><\/h4>\n<p><em>&#8222;Die Ampel hat die Situation falsch eingesch\u00e4tzt. Es ist unangemessen, die epidemische Notlage abzuschaffen und parallel Drogen zu legalisieren. Das ist ein grundlegender Fehler&#8220;<\/em><\/p>\n<blockquote class=\"twitter-tweet\">\n<p dir=\"ltr\" lang=\"de\">Die Ampel hat die Situation falsch eingesch\u00e4tzt. Es ist unangemessen, die epidemische Notlage abzuschaffen und parallel Drogen zu legalisieren. Das ist ein grundlegender Fehler.<\/p>\n<p>\u2014 Markus S\u00f6der (@Markus_Soeder) <a href=\"https:\/\/twitter.com\/Markus_Soeder\/status\/1462765709814112263?ref_src=twsrc%5Etfw\">November 22, 2021<\/a><\/p><\/blockquote>\n<p><script async src=\"https:\/\/platform.twitter.com\/widgets.js\" charset=\"utf-8\"><\/script><\/p>\n<p>So der bayrische Ministerpr\u00e4sident.<\/p>\n<p><img loading=\"lazy\" decoding=\"async\" class=\"alignnone size-full wp-image-269015\" src=\"https:\/\/www.deinupdate.de\/wp-content\/uploads\/2021\/11\/Bildschirmfoto-2021-11-23-um-00.26.32.png\" alt=\"\" width=\"886\" height=\"564\" srcset=\"https:\/\/90x.deinupdate.de\/wp-content\/uploads\/2021\/11\/Bildschirmfoto-2021-11-23-um-00.26.32.png 886w, https:\/\/90x.deinupdate.de\/wp-content\/uploads\/2021\/11\/Bildschirmfoto-2021-11-23-um-00.26.32-300x191.png 300w, https:\/\/90x.deinupdate.de\/wp-content\/uploads\/2021\/11\/Bildschirmfoto-2021-11-23-um-00.26.32-768x489.png 768w\" sizes=\"auto, (max-width: 886px) 100vw, 886px\" \/><\/p>\n<p>Was er damit meint: Bei Corona ist die Ampel zu lasch, bei Drogen ebenfalls.<\/p>\n<h4 style=\"text-align: center;\"><strong>ANTWORT<\/strong><\/h4>\n<p>Klar, dass es darauf bereits Tausende Antworten gibt. Eine stammt von SPD-Politiker Kevin K\u00fchnert, der kurzerhand zum Gegenschlag ausholt und damit 5 (!) Mal so viele Likes abstaubt wie der Post von S\u00f6der:<\/p>\n<p><em>&#8222;Wegen Corona gibt es die Bierzeltreden jetzt offenbar auch digital&#8220;<\/em><\/p>\n<blockquote class=\"twitter-tweet\" data-conversation=\"none\">\n<p dir=\"ltr\" lang=\"de\">Wegen Corona gibt es die Bierzeltreden jetzt offenbar auch digital.<\/p>\n<p>\u2014 Kevin K\u00fchnert (@KuehniKev) <a href=\"https:\/\/twitter.com\/KuehniKev\/status\/1462771295486160901?ref_src=twsrc%5Etfw\">November 22, 2021<\/a><\/p><\/blockquote>\n<p><script async src=\"https:\/\/platform.twitter.com\/widgets.js\" charset=\"utf-8\"><\/script><\/p>\n<p>Da ist das letzte Wort noch nicht gesprochen&#8230;<\/p>\n","protected":false},"excerpt":{"rendered":"<p>Es ist soweit: Die Ampel-Koalition aus SPD, FDP und Gr\u00fcne wird Cannabis legalisieren. W\u00e4hrend ein gro\u00dfer Teil der Bev\u00f6lkerung diese Entscheidung bef\u00fcrwortet, gibt es jedoch auch Gegenwind. Dieses Mal aus Bayern&#8230; MARKUS S\u00d6DER &#8222;Die Ampel hat die Situation falsch eingesch\u00e4tzt. Es ist unangemessen, die epidemische Notlage abzuschaffen und parallel Drogen zu legalisieren. Das ist ein [&hellip;]<\/p>\n","protected":false},"author":1,"featured_media":269660,"comment_status":"open","ping_status":"open","sticky":false,"template":"","format":"standard","meta":{"footnotes":""},"categories":[1],"tags":[],"class_list":["post-269697","post","type-post","status-publish","format-standard","has-post-thumbnail","hentry","category-allgemein"],"publishpress_future_action":{"enabled":false,"date":"1970-01-01 00:00:00","action":"","terms":[],"taxonomy":"","browser_timezone_offset":0},"featured_media_src_url":"https:\/\/90x.deinupdate.de\/wp-content\/uploads\/2021\/11\/Bildschirmfoto-2021-11-24-um-16.32.15.png","acf":{"enable_amazon_playlist_tag_matching":true,"voting_title":"ICH BIN...","voting_items":[{"title":"F\u00fcr die Legalisierung!","image":"https:\/\/90x.deinupdate.de\/wp-content\/uploads\/2021\/11\/Bildschirmfoto-2021-11-24-um-16.31.40.png"},{"title":"Gegen die Legalisierung!","image":"https:\/\/90x.deinupdate.de\/wp-content\/uploads\/2021\/11\/Bildschirmfoto-2021-11-24-um-10.22.14.png"}],"add_smiley_voting":true},"_links":{"self":[{"href":"https:\/\/90x.deinupdate.de\/index.php?rest_route=\/wp\/v2\/posts\/269697","targetHints":{"allow":["GET"]}}],"collection":[{"href":"https:\/\/90x.deinupdate.de\/index.php?rest_route=\/wp\/v2\/posts"}],"about":[{"href":"https:\/\/90x.deinupdate.de\/index.php?rest_route=\/wp\/v2\/types\/post"}],"author":[{"embeddable":true,"href":"https:\/\/90x.deinupdate.de\/index.php?rest_route=\/wp\/v2\/users\/1"}],"replies":[{"embeddable":true,"href":"https:\/\/90x.deinupdate.de\/index.php?rest_route=%2Fwp%2Fv2%2Fcomments&post=269697"}],"version-history":[{"count":2,"href":"https:\/\/90x.deinupdate.de\/index.php?rest_route=\/wp\/v2\/posts\/269697\/revisions"}],"predecessor-version":[{"id":269707,"href":"https:\/\/90x.deinupdate.de\/index.php?rest_route=\/wp\/v2\/posts\/269697\/revisions\/269707"}],"wp:featuredmedia":[{"embeddable":true,"href":"https:\/\/90x.deinupdate.de\/index.php?rest_route=\/wp\/v2\/media\/269660"}],"wp:attachment":[{"href":"https:\/\/90x.deinupdate.de\/index.php?rest_route=%2Fwp%2Fv2%2Fmedia&parent=269697"}],"wp:term":[{"taxonomy":"category","embeddable":true,"href":"https:\/\/90x.deinupdate.de\/index.php?rest_route=%2Fwp%2Fv2%2Fcategories&post=269697"},{"taxonomy":"post_tag","embeddable":true,"href":"https:\/\/90x.deinupdate.de\/index.php?rest_route=%2Fwp%2Fv2%2Ftags&post=269697"}],"curies":[{"name":"wp","href":"https:\/\/api.w.org\/{rel}","templated":true}]}}