{"id":268961,"date":"2021-11-22T19:41:39","date_gmt":"2021-11-22T19:41:39","guid":{"rendered":"https:\/\/www.deinupdate.de\/?p=268961"},"modified":"2021-11-22T19:43:55","modified_gmt":"2021-11-22T19:43:55","slug":"eil-erstes-bundesland-will-ferien-vorziehen","status":"publish","type":"post","link":"https:\/\/90x.deinupdate.de\/?p=268961","title":{"rendered":"Erstes Bundesland will Ferien vorziehen!"},"content":{"rendered":"<p>Wie kann Deutschland die 4. Welle brechen? Jeden Tag gibt es neue Regeln, um den rasanten Anstieg der Fall-Zahlen zu stoppen! Jetzt will das erste deutsche Bundesland sogar die Ferien vorzuziehen&#8230;<\/p>\n<h4 style=\"text-align: center;\"><strong>BRANDENBURG<\/strong><\/h4>\n<p>Die Bildungsministerin Britta Ernst (SPD) plant, die Weihnachtsferien in Brandenburg in diesem Jahr drei Tage fr\u00fcher starten zu lassen &#8211; um die sehr angespannte Corona-Situation zu entlasten. Das best\u00e4tigt das Ministerium am Montag gegen\u00fcber dem RBB.<\/p>\n<p>Eine Entscheidung soll schnell fallen.<\/p>\n<p><img loading=\"lazy\" decoding=\"async\" class=\"alignnone size-full wp-image-268966\" src=\"https:\/\/www.deinupdate.de\/wp-content\/uploads\/2021\/11\/Bildschirmfoto-2021-11-22-um-20.37.28.png\" alt=\"\" width=\"944\" height=\"674\" srcset=\"https:\/\/90x.deinupdate.de\/wp-content\/uploads\/2021\/11\/Bildschirmfoto-2021-11-22-um-20.37.28.png 944w, https:\/\/90x.deinupdate.de\/wp-content\/uploads\/2021\/11\/Bildschirmfoto-2021-11-22-um-20.37.28-300x214.png 300w, https:\/\/90x.deinupdate.de\/wp-content\/uploads\/2021\/11\/Bildschirmfoto-2021-11-22-um-20.37.28-768x548.png 768w\" sizes=\"auto, (max-width: 944px) 100vw, 944px\" \/><\/p>\n<h4 style=\"text-align: center;\"><strong>17. DEZEMBER<\/strong><\/h4>\n<p>Urspr\u00fcnglich war der 23. Dezember als erster Ferientag in Brandenburg geplant. Mit dem neuen Ferienbeginn am Montag, dem 20. Dezember, w\u00e4ren die Sch\u00fcler dann durch das vorausgehende Wochenende insgesamt 16 statt 11 Tage in den Ferien.<\/p>\n<p>Der letzte Schultag w\u00e4re somit der 17. Dezember!<\/p>\n<p><img loading=\"lazy\" decoding=\"async\" class=\"alignnone size-full wp-image-268967\" src=\"https:\/\/www.deinupdate.de\/wp-content\/uploads\/2021\/11\/Bildschirmfoto-2021-11-22-um-20.39.47.png\" alt=\"\" width=\"892\" height=\"594\" srcset=\"https:\/\/90x.deinupdate.de\/wp-content\/uploads\/2021\/11\/Bildschirmfoto-2021-11-22-um-20.39.47.png 892w, https:\/\/90x.deinupdate.de\/wp-content\/uploads\/2021\/11\/Bildschirmfoto-2021-11-22-um-20.39.47-300x200.png 300w, https:\/\/90x.deinupdate.de\/wp-content\/uploads\/2021\/11\/Bildschirmfoto-2021-11-22-um-20.39.47-768x511.png 768w\" sizes=\"auto, (max-width: 892px) 100vw, 892px\" \/><\/p>\n<p>Ob diese Entscheidung wom\u00f6glich als Impuls f\u00fcr ganz Deutschland dienen k\u00f6nnte? Durchaus denkbar, zudem sich die Lage immer weiter verschlimmert und weitere Ma\u00dfnahmen als gesetzt gelten&#8230;<\/p>\n<h4 style=\"text-align: center;\"><strong>HIER DIE QUELLE<\/strong><\/h4>\n<blockquote class=\"twitter-tweet\">\n<p dir=\"ltr\" lang=\"de\">Um in der <a href=\"https:\/\/twitter.com\/hashtag\/Corona?src=hash&amp;ref_src=twsrc%5Etfw\">#Corona<\/a>-Krise f\u00fcr Entlastung in den Schulen zu sorgen, will Bildungsministerin Britta Ernst (SPD) die Weihnachtsferien in <a href=\"https:\/\/twitter.com\/hashtag\/Brandenburg?src=hash&amp;ref_src=twsrc%5Etfw\">#Brandenburg<\/a> verl\u00e4ngern.<a href=\"https:\/\/t.co\/zp6JfWzPpb\">https:\/\/t.co\/zp6JfWzPpb<\/a><\/p>\n<p>\u2014 pnn.de (@PNN_de) <a href=\"https:\/\/twitter.com\/PNN_de\/status\/1462802998862700547?ref_src=twsrc%5Etfw\">November 22, 2021<\/a><\/p><\/blockquote>\n<p><script async src=\"https:\/\/platform.twitter.com\/widgets.js\" charset=\"utf-8\"><\/script><\/p>\n","protected":false},"excerpt":{"rendered":"<p>Wie kann Deutschland die 4. Welle brechen? Jeden Tag gibt es neue Regeln, um den rasanten Anstieg der Fall-Zahlen zu stoppen! Jetzt will das erste deutsche Bundesland sogar die Ferien vorzuziehen&#8230; BRANDENBURG Die Bildungsministerin Britta Ernst (SPD) plant, die Weihnachtsferien in Brandenburg in diesem Jahr drei Tage fr\u00fcher starten zu lassen &#8211; um die sehr [&hellip;]<\/p>\n","protected":false},"author":1,"featured_media":268962,"comment_status":"open","ping_status":"open","sticky":false,"template":"","format":"standard","meta":{"footnotes":""},"categories":[1],"tags":[],"class_list":["post-268961","post","type-post","status-publish","format-standard","has-post-thumbnail","hentry","category-allgemein"],"publishpress_future_action":{"enabled":false,"date":"1970-01-01 00:00:00","action":"","terms":[],"taxonomy":"","browser_timezone_offset":0},"featured_media_src_url":"https:\/\/90x.deinupdate.de\/wp-content\/uploads\/2021\/11\/Bildschirmfoto-2021-11-22-um-20.24.44.png","acf":{"enable_amazon_playlist_tag_matching":true,"voting_title":"DEINE MEINUNG?","voting_items":[{"title":"Richtig so!","image":"https:\/\/90x.deinupdate.de\/wp-content\/uploads\/2021\/11\/Bildschirmfoto-2021-11-22-um-20.39.39.png"},{"title":"Find ich falsch...","image":"https:\/\/90x.deinupdate.de\/wp-content\/uploads\/2021\/11\/Bildschirmfoto-2021-11-22-um-20.40.15.png"}],"add_smiley_voting":true},"_links":{"self":[{"href":"https:\/\/90x.deinupdate.de\/index.php?rest_route=\/wp\/v2\/posts\/268961","targetHints":{"allow":["GET"]}}],"collection":[{"href":"https:\/\/90x.deinupdate.de\/index.php?rest_route=\/wp\/v2\/posts"}],"about":[{"href":"https:\/\/90x.deinupdate.de\/index.php?rest_route=\/wp\/v2\/types\/post"}],"author":[{"embeddable":true,"href":"https:\/\/90x.deinupdate.de\/index.php?rest_route=\/wp\/v2\/users\/1"}],"replies":[{"embeddable":true,"href":"https:\/\/90x.deinupdate.de\/index.php?rest_route=%2Fwp%2Fv2%2Fcomments&post=268961"}],"version-history":[{"count":4,"href":"https:\/\/90x.deinupdate.de\/index.php?rest_route=\/wp\/v2\/posts\/268961\/revisions"}],"predecessor-version":[{"id":268973,"href":"https:\/\/90x.deinupdate.de\/index.php?rest_route=\/wp\/v2\/posts\/268961\/revisions\/268973"}],"wp:featuredmedia":[{"embeddable":true,"href":"https:\/\/90x.deinupdate.de\/index.php?rest_route=\/wp\/v2\/media\/268962"}],"wp:attachment":[{"href":"https:\/\/90x.deinupdate.de\/index.php?rest_route=%2Fwp%2Fv2%2Fmedia&parent=268961"}],"wp:term":[{"taxonomy":"category","embeddable":true,"href":"https:\/\/90x.deinupdate.de\/index.php?rest_route=%2Fwp%2Fv2%2Fcategories&post=268961"},{"taxonomy":"post_tag","embeddable":true,"href":"https:\/\/90x.deinupdate.de\/index.php?rest_route=%2Fwp%2Fv2%2Ftags&post=268961"}],"curies":[{"name":"wp","href":"https:\/\/api.w.org\/{rel}","templated":true}]}}