{"id":268767,"date":"2021-11-22T15:27:01","date_gmt":"2021-11-22T15:27:01","guid":{"rendered":"https:\/\/www.deinupdate.de\/?p=268767"},"modified":"2021-11-22T15:40:22","modified_gmt":"2021-11-22T15:40:22","slug":"eil-er-hat-seinem-impfpass-gefaelscht","status":"publish","type":"post","link":"https:\/\/90x.deinupdate.de\/?p=268767","title":{"rendered":"Er hat seinen Impfpass gef\u00e4lscht!"},"content":{"rendered":"<p>Ganz Fussball-Deutschland spricht \u00fcber diesen Fall! Hat der ehemalige Trainer von Werder Bremen wirklich seinen Impf-Pass gef\u00e4lscht? Jetzt gibt es eindeutige neue Infos&#8230;<\/p>\n<h4 style=\"text-align: center;\"><strong>MARKUS ANFANG<\/strong><\/h4>\n<p><em>&#8222;Die Kassen\u00e4rztliche Vereinigung Nordrhein, die f\u00fcr das Impfzentrum K\u00f6ln zust\u00e4ndig ist, hat uns mitgeteilt, dass die Personalien des Herrn Anfang nicht im EDV-System vorhanden sind. <\/em><\/p>\n<p><em>Das hei\u00dft, er wurde nicht in K\u00f6ln geimpft. Auch die Chargen-Nr., die in seinem Impfbuch steht, wurde nie in dem Impfzentrum verimpft. Der Tatverdacht, dass es sich um eine F\u00e4lschung handelt, hat sich erh\u00e4rtet&#8220;<\/em><\/p>\n<p>Das sagt soeben der zust\u00e4ndige\u00a0Oberstaatsanwalt Frank Passade. Hei\u00dft: Markus Anfang hat einen gef\u00e4lschten Impfausweis benutzt!<\/p>\n<p><img loading=\"lazy\" decoding=\"async\" class=\"alignnone size-full wp-image-267605\" src=\"https:\/\/www.deinupdate.de\/wp-content\/uploads\/2021\/11\/Bildschirmfoto-2021-11-19-um-14.30.16.png\" alt=\"\" width=\"840\" height=\"556\" srcset=\"https:\/\/90x.deinupdate.de\/wp-content\/uploads\/2021\/11\/Bildschirmfoto-2021-11-19-um-14.30.16.png 840w, https:\/\/90x.deinupdate.de\/wp-content\/uploads\/2021\/11\/Bildschirmfoto-2021-11-19-um-14.30.16-300x199.png 300w, https:\/\/90x.deinupdate.de\/wp-content\/uploads\/2021\/11\/Bildschirmfoto-2021-11-19-um-14.30.16-768x508.png 768w\" sizes=\"auto, (max-width: 840px) 100vw, 840px\" \/><\/p>\n<h4 style=\"text-align: center;\"><strong>SO FLOG ER AUF<\/strong><\/h4>\n<p>Bei der Kontrolle seinen Impfausweises nach einem Corona-Fall tauchten Angaben auf, die nicht stimmen konnten. An seinem ersten angeblichen Impf-Termin in K\u00f6ln war der Coach weit weg mit seinem Ex-Klub Darmstadt unterwegs!<\/p>\n<p>Jetzt ist Markus Anfang aufgeflogen, mal sehen, wie seine Strafe ausf\u00e4llt&#8230;<\/p>\n<h4 style=\"text-align: center;\"><strong>HIER SEHT IHR ES<\/strong><\/h4>\n<blockquote class=\"twitter-tweet\">\n<p dir=\"ltr\" lang=\"de\">Ermittlungen vor Abschluss? Fall liegt bei der Anfang-Seite &#8211; Erh\u00e4rteter Tatverdacht gegen Ex-Werder-Coach <a href=\"https:\/\/twitter.com\/hashtag\/2BL?src=hash&amp;ref_src=twsrc%5Etfw\">#2BL<\/a> <a href=\"https:\/\/t.co\/fNYJr87Fr4\">https:\/\/t.co\/fNYJr87Fr4<\/a><\/p>\n<p>\u2014 kicker \u2b22 Liveticker (@kicker_live) <a href=\"https:\/\/twitter.com\/kicker_live\/status\/1462799021362323462?ref_src=twsrc%5Etfw\">November 22, 2021<\/a><\/p><\/blockquote>\n<p><script async src=\"https:\/\/platform.twitter.com\/widgets.js\" charset=\"utf-8\"><\/script><\/p>\n","protected":false},"excerpt":{"rendered":"<p>Ganz Fussball-Deutschland spricht \u00fcber diesen Fall! Hat der ehemalige Trainer von Werder Bremen wirklich seinen Impf-Pass gef\u00e4lscht? Jetzt gibt es eindeutige neue Infos&#8230; MARKUS ANFANG &#8222;Die Kassen\u00e4rztliche Vereinigung Nordrhein, die f\u00fcr das Impfzentrum K\u00f6ln zust\u00e4ndig ist, hat uns mitgeteilt, dass die Personalien des Herrn Anfang nicht im EDV-System vorhanden sind. Das hei\u00dft, er wurde nicht [&hellip;]<\/p>\n","protected":false},"author":1,"featured_media":268768,"comment_status":"open","ping_status":"open","sticky":false,"template":"","format":"standard","meta":{"footnotes":""},"categories":[1],"tags":[],"class_list":["post-268767","post","type-post","status-publish","format-standard","has-post-thumbnail","hentry","category-allgemein"],"publishpress_future_action":{"enabled":false,"date":"1970-01-01 00:00:00","action":"","terms":[],"taxonomy":"","browser_timezone_offset":0},"featured_media_src_url":"https:\/\/90x.deinupdate.de\/wp-content\/uploads\/2021\/11\/Bildschirmfoto-2021-11-22-um-16.07.54.png","acf":{"enable_amazon_playlist_tag_matching":true,"voting_title":"NIE WIEDER TRAINER?","voting_items":[{"title":"Ja, das geht gar nicht!","image":"https:\/\/90x.deinupdate.de\/wp-content\/uploads\/2021\/11\/Bildschirmfoto-2021-11-22-um-16.07.54.png"},{"title":"Erstmal abwarten, dann schauen!","image":"https:\/\/90x.deinupdate.de\/wp-content\/uploads\/2021\/11\/Bildschirmfoto-2021-11-22-um-16.25.45.png"}],"add_smiley_voting":true},"_links":{"self":[{"href":"https:\/\/90x.deinupdate.de\/index.php?rest_route=\/wp\/v2\/posts\/268767","targetHints":{"allow":["GET"]}}],"collection":[{"href":"https:\/\/90x.deinupdate.de\/index.php?rest_route=\/wp\/v2\/posts"}],"about":[{"href":"https:\/\/90x.deinupdate.de\/index.php?rest_route=\/wp\/v2\/types\/post"}],"author":[{"embeddable":true,"href":"https:\/\/90x.deinupdate.de\/index.php?rest_route=\/wp\/v2\/users\/1"}],"replies":[{"embeddable":true,"href":"https:\/\/90x.deinupdate.de\/index.php?rest_route=%2Fwp%2Fv2%2Fcomments&post=268767"}],"version-history":[{"count":6,"href":"https:\/\/90x.deinupdate.de\/index.php?rest_route=\/wp\/v2\/posts\/268767\/revisions"}],"predecessor-version":[{"id":268807,"href":"https:\/\/90x.deinupdate.de\/index.php?rest_route=\/wp\/v2\/posts\/268767\/revisions\/268807"}],"wp:featuredmedia":[{"embeddable":true,"href":"https:\/\/90x.deinupdate.de\/index.php?rest_route=\/wp\/v2\/media\/268768"}],"wp:attachment":[{"href":"https:\/\/90x.deinupdate.de\/index.php?rest_route=%2Fwp%2Fv2%2Fmedia&parent=268767"}],"wp:term":[{"taxonomy":"category","embeddable":true,"href":"https:\/\/90x.deinupdate.de\/index.php?rest_route=%2Fwp%2Fv2%2Fcategories&post=268767"},{"taxonomy":"post_tag","embeddable":true,"href":"https:\/\/90x.deinupdate.de\/index.php?rest_route=%2Fwp%2Fv2%2Ftags&post=268767"}],"curies":[{"name":"wp","href":"https:\/\/api.w.org\/{rel}","templated":true}]}}