{"id":268637,"date":"2021-11-22T12:11:11","date_gmt":"2021-11-22T12:11:11","guid":{"rendered":"https:\/\/www.deinupdate.de\/?p=268637"},"modified":"2021-11-22T12:19:47","modified_gmt":"2021-11-22T12:19:47","slug":"eil-corona-schock-5","status":"publish","type":"post","link":"https:\/\/90x.deinupdate.de\/?p=268637","title":{"rendered":"CORONA-SCHOCK!"},"content":{"rendered":"<p>Es sind harte Worte, die eigentlich nicht an die \u00d6ffentlichkeit kommen sollten. Doch Teilnehmer einer internen Sitzung am Montag leaken jetzt, was Kanzlerin Merkel zur Corona-Lage sagt. Es sind echt dramatische Aussagen&#8230;<\/p>\n<h4 style=\"text-align: center;\"><strong>&#8222;NICHT AUSREICHEND&#8220;<\/strong><\/h4>\n<p><em>&#8222;Wir haben eine hoch dramatische Situation. Was jetzt gilt, ist nicht ausreichend&#8220;<\/em><\/p>\n<p>So die Noch-Kanzlerin zu den Ma\u00dfnahmen gegen Corona. Das Schlimme: Die neuen Regeln wurden erst am Donnerstag auf dem Treffen mit den 16 L\u00e4nderchefs beschlossen \u2013 doch Merkel h\u00e4lt sie jetzt schon f\u00fcr nicht mehr genug.<\/p>\n<p><img loading=\"lazy\" decoding=\"async\" class=\"alignnone size-full wp-image-268644\" src=\"https:\/\/www.deinupdate.de\/wp-content\/uploads\/2021\/11\/Bildschirmfoto-2021-11-22-um-12.41.50.png\" alt=\"\" width=\"766\" height=\"508\" srcset=\"https:\/\/90x.deinupdate.de\/wp-content\/uploads\/2021\/11\/Bildschirmfoto-2021-11-22-um-12.41.50.png 766w, https:\/\/90x.deinupdate.de\/wp-content\/uploads\/2021\/11\/Bildschirmfoto-2021-11-22-um-12.41.50-300x199.png 300w\" sizes=\"auto, (max-width: 766px) 100vw, 766px\" \/><\/p>\n<h4 style=\"text-align: center;\"><strong>2G<\/strong><\/h4>\n<p><em>&#8222;Wir haben eine Lage, die alles \u00fcbertreffen wird, was wir bisher hatten. Auch die 2G-Regel mit Zug\u00e4ngen f\u00fcr Geimpfte und Genesene wird jetzt nicht mehr ausreichend.<\/em><\/p>\n<p><em>Wir m\u00fcssen den exponentiellen Anstieg schnell stoppen, sonst kommen wir an die Grenze der Handlungs-F\u00e4higkeit. Ich habe den Eindruck, viele Menschen sind sich nicht bewusst, wie ernst die Lage ist&#8220;<\/em><\/p>\n<p>Was genau Angela Merkel tun will, um die 4. Welle zu stoppen? Das werden wir sicher sehr bald erfahren&#8230;<\/p>\n<h4 style=\"text-align: center;\"><strong>HIER SEHT IHR ES<\/strong><\/h4>\n<blockquote class=\"twitter-tweet\">\n<p dir=\"ltr\" lang=\"de\">? NEWSBLOG &#8222;Wir haben eine Lage, die alles \u00fcbertreffen wird, was wir bisher hatten&#8220; &#8211; Merkel: Aktuelle Ma\u00dfnahmen gegen <a href=\"https:\/\/twitter.com\/hashtag\/Corona?src=hash&amp;ref_src=twsrc%5Etfw\">#Corona<\/a>-Welle nicht ausreichend +++ Die weitere Entwicklung in der <a href=\"https:\/\/twitter.com\/hashtag\/Pandemie?src=hash&amp;ref_src=twsrc%5Etfw\">#Pandemie<\/a> ? <a href=\"https:\/\/t.co\/73GsK1Claj\">https:\/\/t.co\/73GsK1Claj<\/a> <a href=\"https:\/\/twitter.com\/dpa?ref_src=twsrc%5Etfw\">@dpa<\/a> via <a href=\"https:\/\/twitter.com\/HellwegRadio?ref_src=twsrc%5Etfw\">@HellwegRadio<\/a><a href=\"https:\/\/twitter.com\/hashtag\/Covid19?src=hash&amp;ref_src=twsrc%5Etfw\">#Covid19<\/a> <a href=\"https:\/\/twitter.com\/hashtag\/Coronavirus?src=hash&amp;ref_src=twsrc%5Etfw\">#Coronavirus<\/a> <a href=\"https:\/\/t.co\/e5bxyypmCr\">pic.twitter.com\/e5bxyypmCr<\/a><\/p>\n<p>\u2014 dpa\u00b7live (@dpa_live) <a href=\"https:\/\/twitter.com\/dpa_live\/status\/1462748243528458240?ref_src=twsrc%5Etfw\">November 22, 2021<\/a><\/p><\/blockquote>\n<p><script async src=\"https:\/\/platform.twitter.com\/widgets.js\" charset=\"utf-8\"><\/script><\/p>\n","protected":false},"excerpt":{"rendered":"<p>Es sind harte Worte, die eigentlich nicht an die \u00d6ffentlichkeit kommen sollten. Doch Teilnehmer einer internen Sitzung am Montag leaken jetzt, was Kanzlerin Merkel zur Corona-Lage sagt. Es sind echt dramatische Aussagen&#8230; &#8222;NICHT AUSREICHEND&#8220; &#8222;Wir haben eine hoch dramatische Situation. Was jetzt gilt, ist nicht ausreichend&#8220; So die Noch-Kanzlerin zu den Ma\u00dfnahmen gegen Corona. Das [&hellip;]<\/p>\n","protected":false},"author":1,"featured_media":268638,"comment_status":"open","ping_status":"open","sticky":false,"template":"","format":"standard","meta":{"footnotes":""},"categories":[1],"tags":[],"class_list":["post-268637","post","type-post","status-publish","format-standard","has-post-thumbnail","hentry","category-allgemein"],"publishpress_future_action":{"enabled":false,"date":"1970-01-01 00:00:00","action":"","terms":[],"taxonomy":"","browser_timezone_offset":0},"featured_media_src_url":"https:\/\/90x.deinupdate.de\/wp-content\/uploads\/2021\/11\/Bildschirmfoto-2021-11-22-um-12.34.04.png","acf":{"enable_amazon_playlist_tag_matching":true,"voting_title":"HAT MERKEL RECHT?","voting_items":[{"title":"Sie trifft es zu 100 Prozent!","image":"https:\/\/90x.deinupdate.de\/wp-content\/uploads\/2021\/11\/Bildschirmfoto-2021-11-22-um-12.43.48.png"},{"title":"Sie \u00fcbertreibt!","image":"https:\/\/90x.deinupdate.de\/wp-content\/uploads\/2021\/11\/Bildschirmfoto-2021-11-21-um-19.54.42.png"}],"add_smiley_voting":true},"_links":{"self":[{"href":"https:\/\/90x.deinupdate.de\/index.php?rest_route=\/wp\/v2\/posts\/268637","targetHints":{"allow":["GET"]}}],"collection":[{"href":"https:\/\/90x.deinupdate.de\/index.php?rest_route=\/wp\/v2\/posts"}],"about":[{"href":"https:\/\/90x.deinupdate.de\/index.php?rest_route=\/wp\/v2\/types\/post"}],"author":[{"embeddable":true,"href":"https:\/\/90x.deinupdate.de\/index.php?rest_route=\/wp\/v2\/users\/1"}],"replies":[{"embeddable":true,"href":"https:\/\/90x.deinupdate.de\/index.php?rest_route=%2Fwp%2Fv2%2Fcomments&post=268637"}],"version-history":[{"count":5,"href":"https:\/\/90x.deinupdate.de\/index.php?rest_route=\/wp\/v2\/posts\/268637\/revisions"}],"predecessor-version":[{"id":268666,"href":"https:\/\/90x.deinupdate.de\/index.php?rest_route=\/wp\/v2\/posts\/268637\/revisions\/268666"}],"wp:featuredmedia":[{"embeddable":true,"href":"https:\/\/90x.deinupdate.de\/index.php?rest_route=\/wp\/v2\/media\/268638"}],"wp:attachment":[{"href":"https:\/\/90x.deinupdate.de\/index.php?rest_route=%2Fwp%2Fv2%2Fmedia&parent=268637"}],"wp:term":[{"taxonomy":"category","embeddable":true,"href":"https:\/\/90x.deinupdate.de\/index.php?rest_route=%2Fwp%2Fv2%2Fcategories&post=268637"},{"taxonomy":"post_tag","embeddable":true,"href":"https:\/\/90x.deinupdate.de\/index.php?rest_route=%2Fwp%2Fv2%2Ftags&post=268637"}],"curies":[{"name":"wp","href":"https:\/\/api.w.org\/{rel}","templated":true}]}}