{"id":268550,"date":"2021-11-21T22:08:35","date_gmt":"2021-11-21T22:08:35","guid":{"rendered":"https:\/\/www.deinupdate.de\/?p=268550"},"modified":"2021-11-21T22:08:42","modified_gmt":"2021-11-21T22:08:42","slug":"wir-muessen-ueber-die-impfpflicht-nachdenken","status":"publish","type":"post","link":"https:\/\/90x.deinupdate.de\/?p=268550","title":{"rendered":"&#8222;Wir m\u00fcssen \u00fcber eine Impfpflicht nachdenken&#8220;"},"content":{"rendered":"<p>Jetzt also auch noch Karl Lauterbach! Nachdem sich bereits Markus S\u00f6der und Daniel G\u00fcnther daf\u00fcr ausgesprochen haben eine Impfpflicht zu \u00fcberdenken, kommt nun auch noch SPD-Experte Karl Lauterbach zu diesem Schluss&#8230;<\/p>\n<h4 style=\"text-align: center;\"><strong>STATEMENT<\/strong><\/h4>\n<p><em>&#8222;Wir m\u00fcssen jetzt \u00fcber Dinge nachdenken, \u00fcber die wir nie nachgedacht haben. Wir m\u00fcssen anfangen, \u00fcber eine allgemeine Impfpflicht nachzudenken. Das ganz grunds\u00e4tzlich auszuschlie\u00dfen, war immer ein Fehler&#8220;<\/em><\/p>\n<p>So Lauterbach am Sonntag Abend bei BILD Live!<\/p>\n","protected":false},"excerpt":{"rendered":"<p>Jetzt also auch noch Karl Lauterbach! Nachdem sich bereits Markus S\u00f6der und Daniel G\u00fcnther daf\u00fcr ausgesprochen haben eine Impfpflicht zu \u00fcberdenken, kommt nun auch noch SPD-Experte Karl Lauterbach zu diesem Schluss&#8230; STATEMENT &#8222;Wir m\u00fcssen jetzt \u00fcber Dinge nachdenken, \u00fcber die wir nie nachgedacht haben. Wir m\u00fcssen anfangen, \u00fcber eine allgemeine Impfpflicht nachzudenken. Das ganz grunds\u00e4tzlich [&hellip;]<\/p>\n","protected":false},"author":1,"featured_media":268551,"comment_status":"open","ping_status":"open","sticky":false,"template":"","format":"standard","meta":{"footnotes":""},"categories":[1],"tags":[],"class_list":["post-268550","post","type-post","status-publish","format-standard","has-post-thumbnail","hentry","category-allgemein"],"publishpress_future_action":{"enabled":false,"date":"1970-01-01 00:00:00","action":"","terms":[],"taxonomy":"","browser_timezone_offset":0},"featured_media_src_url":"https:\/\/90x.deinupdate.de\/wp-content\/uploads\/2021\/11\/Bildschirmfoto-2021-11-21-um-23.05.11.png","acf":{"enable_amazon_playlist_tag_matching":true,"voting_title":"DEINE MEINUNG?","voting_items":[{"title":"Ich gebe Lauterbach Recht!","image":"https:\/\/90x.deinupdate.de\/wp-content\/uploads\/2021\/11\/Bildschirmfoto-2021-11-21-um-23.07.57.png"},{"title":"Nein zur Impfpflicht!","image":"https:\/\/90x.deinupdate.de\/wp-content\/uploads\/2021\/11\/Bildschirmfoto-2021-11-18-um-12.23.56.png"}],"add_smiley_voting":true},"_links":{"self":[{"href":"https:\/\/90x.deinupdate.de\/index.php?rest_route=\/wp\/v2\/posts\/268550","targetHints":{"allow":["GET"]}}],"collection":[{"href":"https:\/\/90x.deinupdate.de\/index.php?rest_route=\/wp\/v2\/posts"}],"about":[{"href":"https:\/\/90x.deinupdate.de\/index.php?rest_route=\/wp\/v2\/types\/post"}],"author":[{"embeddable":true,"href":"https:\/\/90x.deinupdate.de\/index.php?rest_route=\/wp\/v2\/users\/1"}],"replies":[{"embeddable":true,"href":"https:\/\/90x.deinupdate.de\/index.php?rest_route=%2Fwp%2Fv2%2Fcomments&post=268550"}],"version-history":[{"count":2,"href":"https:\/\/90x.deinupdate.de\/index.php?rest_route=\/wp\/v2\/posts\/268550\/revisions"}],"predecessor-version":[{"id":268554,"href":"https:\/\/90x.deinupdate.de\/index.php?rest_route=\/wp\/v2\/posts\/268550\/revisions\/268554"}],"wp:featuredmedia":[{"embeddable":true,"href":"https:\/\/90x.deinupdate.de\/index.php?rest_route=\/wp\/v2\/media\/268551"}],"wp:attachment":[{"href":"https:\/\/90x.deinupdate.de\/index.php?rest_route=%2Fwp%2Fv2%2Fmedia&parent=268550"}],"wp:term":[{"taxonomy":"category","embeddable":true,"href":"https:\/\/90x.deinupdate.de\/index.php?rest_route=%2Fwp%2Fv2%2Fcategories&post=268550"},{"taxonomy":"post_tag","embeddable":true,"href":"https:\/\/90x.deinupdate.de\/index.php?rest_route=%2Fwp%2Fv2%2Ftags&post=268550"}],"curies":[{"name":"wp","href":"https:\/\/api.w.org\/{rel}","templated":true}]}}