{"id":268491,"date":"2021-11-21T18:59:56","date_gmt":"2021-11-21T18:59:56","guid":{"rendered":"https:\/\/www.deinupdate.de\/?p=268491"},"modified":"2021-11-21T19:07:38","modified_gmt":"2021-11-21T19:07:38","slug":"corona-hammer-die-regierung-hats-geloescht","status":"publish","type":"post","link":"https:\/\/90x.deinupdate.de\/?p=268491","title":{"rendered":"Corona-Hammer: Die Regierung hat&#8217;s GEL\u00d6SCHT!"},"content":{"rendered":"<p>Bis vor kurzem war die Grafik noch auf der offiziellen Seite der Bundesregierung zu finden, doch nun ist sie pl\u00f6tzlich weg. Ganz still und heimlich wurde sie gel\u00f6scht. Droht jetzt die gro\u00dfe Kehrtwende?<\/p>\n<h4 style=\"text-align: center;\"><strong>IMPFPFLICHT<\/strong><\/h4>\n<p>Noch vor wenigen Tagen bezeichnete die Regierung die m\u00f6gliche Einf\u00fchrung einer Impfpflicht als &#8222;Fake News&#8220; und stellte mit einer kleinen Grafik dar, dass der Piks nicht verpflichtend wird.<\/p>\n<p><em>&#8222;Nachrichten und Beitr\u00e4ge, die etwas anderes behaupten, sind falsch&#8220;<\/em><\/p>\n<p><img loading=\"lazy\" decoding=\"async\" class=\"alignnone size-full wp-image-268493\" src=\"https:\/\/www.deinupdate.de\/wp-content\/uploads\/2021\/11\/Bildschirmfoto-2021-11-21-um-19.48.23.png\" alt=\"\" width=\"1408\" height=\"798\" srcset=\"https:\/\/90x.deinupdate.de\/wp-content\/uploads\/2021\/11\/Bildschirmfoto-2021-11-21-um-19.48.23.png 1408w, https:\/\/90x.deinupdate.de\/wp-content\/uploads\/2021\/11\/Bildschirmfoto-2021-11-21-um-19.48.23-300x170.png 300w, https:\/\/90x.deinupdate.de\/wp-content\/uploads\/2021\/11\/Bildschirmfoto-2021-11-21-um-19.48.23-768x435.png 768w, https:\/\/90x.deinupdate.de\/wp-content\/uploads\/2021\/11\/Bildschirmfoto-2021-11-21-um-19.48.23-1024x580.png 1024w\" sizes=\"auto, (max-width: 1408px) 100vw, 1408px\" \/><\/p>\n<p><strong>BIS JETZT!<\/strong><\/p>\n<p>Ganz pl\u00f6tzlich hat man n\u00e4mlich den entsprechenden Hinweis auf der offiziellen Website entfernt.<\/p>\n<h4 style=\"text-align: center;\"><strong>STATEMENT<\/strong><\/h4>\n<p>Und was sagt die Regierung zur heimlichen L\u00f6schung, die nun doch aufgefallen ist? Gegen\u00fcber BILD \u00e4u\u00dfert man sich wie folgt:<\/p>\n<p><em>&#8222;Die fragliche Aussage war bis 19. November auf der Site der Bundesregierung zu finden. Die Passage wurde mit Blick auf die Beschl\u00fcsse der Ministerpr\u00e4sidentenkonferenz von der Site genommen&#8220;<\/em><\/p>\n<p>Bedeutet: Was k\u00fcrzlich noch als ganz gro\u00dfe Falschmeldung galt, k\u00f6nnte bald sogar Gesetz werden, denn die Vorbereitung durch die Politik hat bereits begonnen. Neben Markus S\u00f6der spricht sich seit Sonntag auch Ministerpr\u00e4sident Daniel G\u00fcnther f\u00fcr eine Impfpflicht in Deutschland aus.<\/p>\n<p><img loading=\"lazy\" decoding=\"async\" class=\"alignnone size-full wp-image-268498\" src=\"https:\/\/www.deinupdate.de\/wp-content\/uploads\/2021\/11\/Bildschirmfoto-2021-11-21-um-19.53.30.png\" alt=\"\" width=\"852\" height=\"562\" srcset=\"https:\/\/90x.deinupdate.de\/wp-content\/uploads\/2021\/11\/Bildschirmfoto-2021-11-21-um-19.53.30.png 852w, https:\/\/90x.deinupdate.de\/wp-content\/uploads\/2021\/11\/Bildschirmfoto-2021-11-21-um-19.53.30-300x198.png 300w, https:\/\/90x.deinupdate.de\/wp-content\/uploads\/2021\/11\/Bildschirmfoto-2021-11-21-um-19.53.30-768x507.png 768w\" sizes=\"auto, (max-width: 852px) 100vw, 852px\" \/><\/p>\n<p>Geht Deutschland also schon bald jenen Schritt, der ab dem 1. Februar in \u00d6sterreich gegangen wird?<\/p>\n<h4 style=\"text-align: center;\"><strong>HIER DIE QUELLE<\/strong><\/h4>\n<blockquote class=\"twitter-tweet\">\n<p dir=\"ltr\" lang=\"de\">nach \u201eFalschmeldung\u201c &#8211; Regierung l\u00f6scht Impfpflicht-Passage <a href=\"https:\/\/t.co\/FpJd8CkDGl\">https:\/\/t.co\/FpJd8CkDGl<\/a><\/p>\n<p>\u2014 BILD (@BILD) <a href=\"https:\/\/twitter.com\/BILD\/status\/1462485164118917125?ref_src=twsrc%5Etfw\">November 21, 2021<\/a><\/p><\/blockquote>\n<p><script async src=\"https:\/\/platform.twitter.com\/widgets.js\" charset=\"utf-8\"><\/script><\/p>\n","protected":false},"excerpt":{"rendered":"<p>Bis vor kurzem war die Grafik noch auf der offiziellen Seite der Bundesregierung zu finden, doch nun ist sie pl\u00f6tzlich weg. Ganz still und heimlich wurde sie gel\u00f6scht. Droht jetzt die gro\u00dfe Kehrtwende? IMPFPFLICHT Noch vor wenigen Tagen bezeichnete die Regierung die m\u00f6gliche Einf\u00fchrung einer Impfpflicht als &#8222;Fake News&#8220; und stellte mit einer kleinen Grafik [&hellip;]<\/p>\n","protected":false},"author":1,"featured_media":268500,"comment_status":"open","ping_status":"open","sticky":false,"template":"","format":"standard","meta":{"footnotes":""},"categories":[1],"tags":[],"class_list":["post-268491","post","type-post","status-publish","format-standard","has-post-thumbnail","hentry","category-allgemein"],"publishpress_future_action":{"enabled":false,"date":"1970-01-01 00:00:00","action":"","terms":[],"taxonomy":"","browser_timezone_offset":0},"featured_media_src_url":"https:\/\/90x.deinupdate.de\/wp-content\/uploads\/2021\/11\/Bildschirmfoto-2021-11-21-um-19.54.19-1024x653.png","acf":{"enable_amazon_playlist_tag_matching":true,"voting_title":"KOMMT DIE IMPFPFLICHT?","voting_items":[{"title":"Ja, auf jeden Fall!","image":"https:\/\/90x.deinupdate.de\/wp-content\/uploads\/2021\/11\/Bildschirmfoto-2021-11-21-um-16.13.19.png"},{"title":"Ne, denke nicht!","image":"https:\/\/90x.deinupdate.de\/wp-content\/uploads\/2021\/11\/Bildschirmfoto-2021-11-21-um-19.54.42.png"}],"add_smiley_voting":true},"_links":{"self":[{"href":"https:\/\/90x.deinupdate.de\/index.php?rest_route=\/wp\/v2\/posts\/268491","targetHints":{"allow":["GET"]}}],"collection":[{"href":"https:\/\/90x.deinupdate.de\/index.php?rest_route=\/wp\/v2\/posts"}],"about":[{"href":"https:\/\/90x.deinupdate.de\/index.php?rest_route=\/wp\/v2\/types\/post"}],"author":[{"embeddable":true,"href":"https:\/\/90x.deinupdate.de\/index.php?rest_route=\/wp\/v2\/users\/1"}],"replies":[{"embeddable":true,"href":"https:\/\/90x.deinupdate.de\/index.php?rest_route=%2Fwp%2Fv2%2Fcomments&post=268491"}],"version-history":[{"count":2,"href":"https:\/\/90x.deinupdate.de\/index.php?rest_route=\/wp\/v2\/posts\/268491\/revisions"}],"predecessor-version":[{"id":268510,"href":"https:\/\/90x.deinupdate.de\/index.php?rest_route=\/wp\/v2\/posts\/268491\/revisions\/268510"}],"wp:featuredmedia":[{"embeddable":true,"href":"https:\/\/90x.deinupdate.de\/index.php?rest_route=\/wp\/v2\/media\/268500"}],"wp:attachment":[{"href":"https:\/\/90x.deinupdate.de\/index.php?rest_route=%2Fwp%2Fv2%2Fmedia&parent=268491"}],"wp:term":[{"taxonomy":"category","embeddable":true,"href":"https:\/\/90x.deinupdate.de\/index.php?rest_route=%2Fwp%2Fv2%2Fcategories&post=268491"},{"taxonomy":"post_tag","embeddable":true,"href":"https:\/\/90x.deinupdate.de\/index.php?rest_route=%2Fwp%2Fv2%2Ftags&post=268491"}],"curies":[{"name":"wp","href":"https:\/\/api.w.org\/{rel}","templated":true}]}}