{"id":268376,"date":"2021-11-21T15:33:44","date_gmt":"2021-11-21T15:33:44","guid":{"rendered":"https:\/\/www.deinupdate.de\/?p=268376"},"modified":"2021-11-21T15:33:44","modified_gmt":"2021-11-21T15:33:44","slug":"i-m-p-f-p-f-l-i-c-h-t","status":"publish","type":"post","link":"https:\/\/90x.deinupdate.de\/?p=268376","title":{"rendered":"I M P F P F L I C H T !"},"content":{"rendered":"<p>In unserem Nachbarland \u00d6sterreich wird sie zum 1. Februar eingef\u00fchrt. Die Impfpflicht f\u00fcr alle kommt. Jetzt mehren sich auch bei uns die Stimmen die fordern: Impfpflicht f\u00fcr ALLE!<\/p>\n<h4 style=\"text-align: center;\"><strong>JUNGE UNION<\/strong><\/h4>\n<p><em>&#8222;Jetzt ist ein Punkt gekommen, an dem wir ganz klar sagen m\u00fcssen: Wir brauchen eine De-Facto-Impfpflicht und einen Lockdown f\u00fcr Ungeimpfte&#8220;<\/em><\/p>\n<p>Das sagt Tilman Kuban, er ist Chef der Jungen Union, der Jugend-Organisation der CDU. Er will die Impfpflicht in Deutschland einf\u00fchren.<\/p>\n<p>Und auch noch prominentere Politiker zeigen sich inzwischen offen f\u00fcr diese Hammer-Ma\u00dfnahme&#8230;<\/p>\n<p><img loading=\"lazy\" decoding=\"async\" class=\"alignnone size-full wp-image-268382\" src=\"https:\/\/www.deinupdate.de\/wp-content\/uploads\/2021\/11\/Bildschirmfoto-2021-11-21-um-16.13.46.png\" alt=\"\" width=\"746\" height=\"574\" srcset=\"https:\/\/90x.deinupdate.de\/wp-content\/uploads\/2021\/11\/Bildschirmfoto-2021-11-21-um-16.13.46.png 746w, https:\/\/90x.deinupdate.de\/wp-content\/uploads\/2021\/11\/Bildschirmfoto-2021-11-21-um-16.13.46-300x231.png 300w\" sizes=\"auto, (max-width: 746px) 100vw, 746px\" \/><\/p>\n<h4 style=\"text-align: center;\"><strong>SCHLESWIG-HOLSTEIN<\/strong><\/h4>\n<p><em>&#8222;Ich hoffe zwar noch, dass es am Ende ohne allgemeine Impfpflicht geht. Wenn nicht, bin ich allerdings auch bereit, diesen Schritt zu gehen&#8220;<\/em><\/p>\n<p>So Daniel G\u00fcnther, Ministerpr\u00e4sident des n\u00f6rdlichsten Bundeslands. Er ist nach Markus S\u00f6der aus Bayern der zweite Landeschef, der eine Impfpflicht ins Gespr\u00e4ch bringt.<\/p>\n<p>Mal sehen, wie sich das weiter entwickelt&#8230;<\/p>\n<h4 style=\"text-align: center;\"><strong>HIER SEHT IHR ES<\/strong><\/h4>\n<blockquote class=\"twitter-tweet\">\n<p dir=\"ltr\" lang=\"de\">Corona: Daniel G\u00fcnther zeigt sich offen f\u00fcr allgemeine Impfpflicht <a href=\"https:\/\/t.co\/Gyb8eTq8FL\">https:\/\/t.co\/Gyb8eTq8FL<\/a><\/p>\n<p>\u2014 SPIEGEL Ticker (@SPIEGEL_alles) <a href=\"https:\/\/twitter.com\/SPIEGEL_alles\/status\/1462425458373320710?ref_src=twsrc%5Etfw\">November 21, 2021<\/a><\/p><\/blockquote>\n<p><script async src=\"https:\/\/platform.twitter.com\/widgets.js\" charset=\"utf-8\"><\/script><\/p>\n","protected":false},"excerpt":{"rendered":"<p>In unserem Nachbarland \u00d6sterreich wird sie zum 1. Februar eingef\u00fchrt. Die Impfpflicht f\u00fcr alle kommt. Jetzt mehren sich auch bei uns die Stimmen die fordern: Impfpflicht f\u00fcr ALLE! JUNGE UNION &#8222;Jetzt ist ein Punkt gekommen, an dem wir ganz klar sagen m\u00fcssen: Wir brauchen eine De-Facto-Impfpflicht und einen Lockdown f\u00fcr Ungeimpfte&#8220; Das sagt Tilman Kuban, [&hellip;]<\/p>\n","protected":false},"author":1,"featured_media":268383,"comment_status":"open","ping_status":"open","sticky":false,"template":"","format":"standard","meta":{"footnotes":""},"categories":[1],"tags":[],"class_list":["post-268376","post","type-post","status-publish","format-standard","has-post-thumbnail","hentry","category-allgemein"],"publishpress_future_action":{"enabled":false,"date":"1970-01-01 00:00:00","action":"","terms":[],"taxonomy":"","browser_timezone_offset":0},"featured_media_src_url":"https:\/\/90x.deinupdate.de\/wp-content\/uploads\/2021\/11\/Bildschirmfoto-2021-11-21-um-16.13.19.png","acf":{"enable_amazon_playlist_tag_matching":true,"voting_title":"DIE IMPFPFLICHT...","voting_items":[{"title":"Kommt sicher!","image":"https:\/\/90x.deinupdate.de\/wp-content\/uploads\/2021\/11\/Bildschirmfoto-2021-11-19-um-10.40.11.png"},{"title":"Wird es bei uns nicht geben!","image":"https:\/\/90x.deinupdate.de\/wp-content\/uploads\/2021\/11\/Bildschirmfoto-2021-11-17-um-17.11.06.png"}],"add_smiley_voting":true},"_links":{"self":[{"href":"https:\/\/90x.deinupdate.de\/index.php?rest_route=\/wp\/v2\/posts\/268376","targetHints":{"allow":["GET"]}}],"collection":[{"href":"https:\/\/90x.deinupdate.de\/index.php?rest_route=\/wp\/v2\/posts"}],"about":[{"href":"https:\/\/90x.deinupdate.de\/index.php?rest_route=\/wp\/v2\/types\/post"}],"author":[{"embeddable":true,"href":"https:\/\/90x.deinupdate.de\/index.php?rest_route=\/wp\/v2\/users\/1"}],"replies":[{"embeddable":true,"href":"https:\/\/90x.deinupdate.de\/index.php?rest_route=%2Fwp%2Fv2%2Fcomments&post=268376"}],"version-history":[{"count":2,"href":"https:\/\/90x.deinupdate.de\/index.php?rest_route=\/wp\/v2\/posts\/268376\/revisions"}],"predecessor-version":[{"id":268396,"href":"https:\/\/90x.deinupdate.de\/index.php?rest_route=\/wp\/v2\/posts\/268376\/revisions\/268396"}],"wp:featuredmedia":[{"embeddable":true,"href":"https:\/\/90x.deinupdate.de\/index.php?rest_route=\/wp\/v2\/media\/268383"}],"wp:attachment":[{"href":"https:\/\/90x.deinupdate.de\/index.php?rest_route=%2Fwp%2Fv2%2Fmedia&parent=268376"}],"wp:term":[{"taxonomy":"category","embeddable":true,"href":"https:\/\/90x.deinupdate.de\/index.php?rest_route=%2Fwp%2Fv2%2Fcategories&post=268376"},{"taxonomy":"post_tag","embeddable":true,"href":"https:\/\/90x.deinupdate.de\/index.php?rest_route=%2Fwp%2Fv2%2Ftags&post=268376"}],"curies":[{"name":"wp","href":"https:\/\/api.w.org\/{rel}","templated":true}]}}