{"id":267919,"date":"2021-11-20T11:40:39","date_gmt":"2021-11-20T11:40:39","guid":{"rendered":"https:\/\/www.deinupdate.de\/?p=267919"},"modified":"2021-11-20T11:44:53","modified_gmt":"2021-11-20T11:44:53","slug":"er-tritt-zurueck-2","status":"publish","type":"post","link":"https:\/\/90x.deinupdate.de\/?p=267919","title":{"rendered":"Impfpass gef\u00e4lscht? ER TRITT ZUR\u00dcCK!"},"content":{"rendered":"<p>Da haben wir das Werder-Beben! Nachdem Markus Anfang zum Ende der Woche beschuldigt wurde einen gef\u00e4lschten Impfpass zu nutzen, nimmt er der ganzen Sache nun Wind aus den Segeln, indem er mit sofortiger Wirkung k\u00fcndigt&#8230;<\/p>\n<h4 style=\"text-align: center;\"><strong>STATEMENT<\/strong><\/h4>\n<p><em>\u00a0&#8222;Ich habe aufgrund der inzwischen extrem belastenden Lage f\u00fcr den Verein, die Mannschaft, meine Familie und auch mich selbst entschieden, dass ich meine Aufgabe als Cheftrainer von Werder Bremen mit sofortiger Wirkung beende. <\/em><\/p>\n<p><em>Ich habe daher die verantwortlichen Personen um die umgehende Aufl\u00f6sung meines Vertrages gebeten, diesem Wunsch haben sie entsprochen. Ich w\u00fcnsche Werder heute im Spiel gegen Schalke und f\u00fcr die Zukunft maximalen Erfolg&#8220;<\/em><\/p>\n<p>So Anfang zu seinem Werder-Ende!<\/p>\n<p><img loading=\"lazy\" decoding=\"async\" class=\"alignnone size-full wp-image-266621\" src=\"https:\/\/www.deinupdate.de\/wp-content\/uploads\/2021\/11\/Bildschirmfoto-2021-11-16-um-21.33.36.png\" alt=\"\" width=\"680\" height=\"454\" srcset=\"https:\/\/90x.deinupdate.de\/wp-content\/uploads\/2021\/11\/Bildschirmfoto-2021-11-16-um-21.33.36.png 680w, https:\/\/90x.deinupdate.de\/wp-content\/uploads\/2021\/11\/Bildschirmfoto-2021-11-16-um-21.33.36-300x200.png 300w\" sizes=\"auto, (max-width: 680px) 100vw, 680px\" \/><\/p>\n<h4 style=\"text-align: center;\"><strong>SPIEL GEGEN SCHALKE<\/strong><\/h4>\n<p>Ein \u00e4u\u00dferst ung\u00fcnstiger Zeitpunkt f\u00fcr einen Trainerwechsel. Heute Abend um 20:30 spielt Werder im Spitzenspiel beim FC Schalke 04.\u00a0Nun sitzt der bisherige Co-Trainer Danijel Zenkovic als Chef auf der Bank.<\/p>\n<h4 style=\"text-align: center;\"><strong>HIER DIE QUELLE<\/strong><\/h4>\n<blockquote class=\"twitter-tweet\">\n<p dir=\"ltr\" lang=\"de\">Cheftrainer Markus Anfang und Co-Trainer Florian Junge sind mit sofortiger Wirkung von ihren \u00c4mtern beim SV <a href=\"https:\/\/twitter.com\/hashtag\/Werder?src=hash&amp;ref_src=twsrc%5Etfw\">#Werder<\/a> zur\u00fcckgetreten.<\/p>\n<p>Alle Infos \u27a1\ufe0f <a href=\"https:\/\/t.co\/kOWBESAQeq\">https:\/\/t.co\/kOWBESAQeq<\/a> <a href=\"https:\/\/t.co\/Ldv4S8MdJ0\">pic.twitter.com\/Ldv4S8MdJ0<\/a><\/p>\n<p>\u2014 SV Werder Bremen (@werderbremen) <a href=\"https:\/\/twitter.com\/werderbremen\/status\/1461992877165318144?ref_src=twsrc%5Etfw\">November 20, 2021<\/a><\/p><\/blockquote>\n<p><script async src=\"https:\/\/platform.twitter.com\/widgets.js\" charset=\"utf-8\"><\/script><\/p>\n","protected":false},"excerpt":{"rendered":"<p>Da haben wir das Werder-Beben! Nachdem Markus Anfang zum Ende der Woche beschuldigt wurde einen gef\u00e4lschten Impfpass zu nutzen, nimmt er der ganzen Sache nun Wind aus den Segeln, indem er mit sofortiger Wirkung k\u00fcndigt&#8230; STATEMENT \u00a0&#8222;Ich habe aufgrund der inzwischen extrem belastenden Lage f\u00fcr den Verein, die Mannschaft, meine Familie und auch mich selbst [&hellip;]<\/p>\n","protected":false},"author":1,"featured_media":267920,"comment_status":"open","ping_status":"open","sticky":false,"template":"","format":"standard","meta":{"footnotes":""},"categories":[1],"tags":[],"class_list":["post-267919","post","type-post","status-publish","format-standard","has-post-thumbnail","hentry","category-allgemein"],"publishpress_future_action":{"enabled":false,"date":"1970-01-01 00:00:00","action":"","terms":[],"taxonomy":"","browser_timezone_offset":0},"featured_media_src_url":"https:\/\/90x.deinupdate.de\/wp-content\/uploads\/2021\/11\/Bildschirmfoto-2021-11-20-um-12.18.35.png","acf":{"enable_amazon_playlist_tag_matching":true,"voting_title":"DEINE MEINUNG?","voting_items":[{"title":"Er hat einen gef\u00e4lschten Impfpass!","image":"https:\/\/90x.deinupdate.de\/wp-content\/uploads\/2021\/11\/Bildschirmfoto-2021-11-20-um-12.39.44.png"},{"title":"Alles ein Irrtum!","image":"https:\/\/90x.deinupdate.de\/wp-content\/uploads\/2021\/11\/Bildschirmfoto-2021-11-20-um-12.39.54.png"}],"add_smiley_voting":true},"_links":{"self":[{"href":"https:\/\/90x.deinupdate.de\/index.php?rest_route=\/wp\/v2\/posts\/267919","targetHints":{"allow":["GET"]}}],"collection":[{"href":"https:\/\/90x.deinupdate.de\/index.php?rest_route=\/wp\/v2\/posts"}],"about":[{"href":"https:\/\/90x.deinupdate.de\/index.php?rest_route=\/wp\/v2\/types\/post"}],"author":[{"embeddable":true,"href":"https:\/\/90x.deinupdate.de\/index.php?rest_route=\/wp\/v2\/users\/1"}],"replies":[{"embeddable":true,"href":"https:\/\/90x.deinupdate.de\/index.php?rest_route=%2Fwp%2Fv2%2Fcomments&post=267919"}],"version-history":[{"count":3,"href":"https:\/\/90x.deinupdate.de\/index.php?rest_route=\/wp\/v2\/posts\/267919\/revisions"}],"predecessor-version":[{"id":267928,"href":"https:\/\/90x.deinupdate.de\/index.php?rest_route=\/wp\/v2\/posts\/267919\/revisions\/267928"}],"wp:featuredmedia":[{"embeddable":true,"href":"https:\/\/90x.deinupdate.de\/index.php?rest_route=\/wp\/v2\/media\/267920"}],"wp:attachment":[{"href":"https:\/\/90x.deinupdate.de\/index.php?rest_route=%2Fwp%2Fv2%2Fmedia&parent=267919"}],"wp:term":[{"taxonomy":"category","embeddable":true,"href":"https:\/\/90x.deinupdate.de\/index.php?rest_route=%2Fwp%2Fv2%2Fcategories&post=267919"},{"taxonomy":"post_tag","embeddable":true,"href":"https:\/\/90x.deinupdate.de\/index.php?rest_route=%2Fwp%2Fv2%2Ftags&post=267919"}],"curies":[{"name":"wp","href":"https:\/\/api.w.org\/{rel}","templated":true}]}}