{"id":267686,"date":"2021-11-19T15:21:48","date_gmt":"2021-11-19T15:21:48","guid":{"rendered":"https:\/\/www.deinupdate.de\/?p=267686"},"modified":"2021-11-19T15:25:07","modified_gmt":"2021-11-19T15:25:07","slug":"hat-der-werder-trainer-seinen-impfpass-gefaelscht","status":"publish","type":"post","link":"https:\/\/90x.deinupdate.de\/?p=267686","title":{"rendered":"Hat der Werder-Trainer seinen Impfpass gef\u00e4lscht?"},"content":{"rendered":"<p>Die Vorw\u00fcrfe gegen den Coach aus der zweiten Liga wiegen schwer. Hat der Trainer von Werder einen gef\u00e4lschten Impf-Nachweis benutzt? Deshalb ermittelt jetzt die Staatsanwaltschaft gegen ihn&#8230;<\/p>\n<h4 style=\"text-align: center;\"><strong>MARKUS ANFANG<\/strong><\/h4>\n<p>Laut Medienberichten hat das Gesundheitsamt Bremen am Donnerstag Anzeige gegen den Werder Trainer gestellt \u2013 nachdem er der Beh\u00f6rde einen angeblich gef\u00e4lschten Impfnachweis vorgezeigt hat!<\/p>\n<p><a href=\"https:\/\/www.deinupdate.de\/wp-content\/uploads\/2021\/11\/Bildschirmfoto-2021-11-19-um-11.38.01.png\"><img loading=\"lazy\" decoding=\"async\" class=\"aligncenter size-full wp-image-267482\" src=\"https:\/\/www.deinupdate.de\/wp-content\/uploads\/2021\/11\/Bildschirmfoto-2021-11-19-um-11.38.01.png\" alt=\"\" width=\"700\" height=\"530\" srcset=\"https:\/\/90x.deinupdate.de\/wp-content\/uploads\/2021\/11\/Bildschirmfoto-2021-11-19-um-11.38.01.png 700w, https:\/\/90x.deinupdate.de\/wp-content\/uploads\/2021\/11\/Bildschirmfoto-2021-11-19-um-11.38.01-300x227.png 300w\" sizes=\"auto, (max-width: 700px) 100vw, 700px\" \/><\/a><\/p>\n<h4 style=\"text-align: center;\"><strong>SO KAM ES DAZU<\/strong><\/h4>\n<p>Wegen des positiven Tests bei Abwehr-Spieler Marco Friedl hatte das Bremer Gesundheitsamt in dieser Woche \u00fcberpr\u00fcft, ob und welche Werder-Mitarbeiter als Kontaktpersonen gelten.<\/p>\n<p>Dabei fiel der Impf-Ausweis von Trainer Anfang auf: Ein Impftermin \u00fcberschneidet sich angeblich mit einem Einsatz als Werder-Trainer \u2013 beides gleichzeitig kann er nicht gemacht haben!<\/p>\n<p>Aber: Markus Anfang behauptet, dass er unschuldig und geimpft ist. Mal sehen, wie das weitergeht&#8230;<\/p>\n<h4 style=\"text-align: center;\"><strong>HIER SEHT IHR ES<\/strong><\/h4>\n<blockquote class=\"twitter-tweet\">\n<p dir=\"ltr\" lang=\"de\">Gegen <a href=\"https:\/\/twitter.com\/hashtag\/WerderBremen?src=hash&amp;ref_src=twsrc%5Etfw\">#WerderBremen<\/a> Trainer Markus <a href=\"https:\/\/twitter.com\/hashtag\/Anfang?src=hash&amp;ref_src=twsrc%5Etfw\">#Anfang<\/a> ist ein Ermittlungsverfahren wegen der angeblichen Nutzung eines gef\u00e4lschten <a href=\"https:\/\/twitter.com\/hashtag\/Impfzertifikats?src=hash&amp;ref_src=twsrc%5Etfw\">#Impfzertifikats<\/a> eingeleitet worden. Der Coach weist die Anschuldigungen zur\u00fcck. <a href=\"https:\/\/t.co\/2j3dah5jbt\">https:\/\/t.co\/2j3dah5jbt<\/a><\/p>\n<p>\u2014 NDR Sport (@NDRsport) <a href=\"https:\/\/twitter.com\/NDRsport\/status\/1461642429304553476?ref_src=twsrc%5Etfw\">November 19, 2021<\/a><\/p><\/blockquote>\n<p><script async src=\"https:\/\/platform.twitter.com\/widgets.js\" charset=\"utf-8\"><\/script><\/p>\n","protected":false},"excerpt":{"rendered":"<p>Die Vorw\u00fcrfe gegen den Coach aus der zweiten Liga wiegen schwer. Hat der Trainer von Werder einen gef\u00e4lschten Impf-Nachweis benutzt? Deshalb ermittelt jetzt die Staatsanwaltschaft gegen ihn&#8230; MARKUS ANFANG Laut Medienberichten hat das Gesundheitsamt Bremen am Donnerstag Anzeige gegen den Werder Trainer gestellt \u2013 nachdem er der Beh\u00f6rde einen angeblich gef\u00e4lschten Impfnachweis vorgezeigt hat! SO [&hellip;]<\/p>\n","protected":false},"author":1,"featured_media":267689,"comment_status":"open","ping_status":"open","sticky":false,"template":"","format":"standard","meta":{"footnotes":""},"categories":[1],"tags":[],"class_list":["post-267686","post","type-post","status-publish","format-standard","has-post-thumbnail","hentry","category-allgemein"],"publishpress_future_action":{"enabled":false,"date":"1970-01-01 00:00:00","action":"","terms":[],"taxonomy":"","browser_timezone_offset":0},"featured_media_src_url":"https:\/\/90x.deinupdate.de\/wp-content\/uploads\/2021\/11\/Bildschirmfoto-2021-11-19-um-16.23.46.png","acf":{"enable_amazon_playlist_tag_matching":true,"voting_title":"IST ER GEIMPFT?","voting_items":[{"title":"Ich denke schon!","image":"https:\/\/90x.deinupdate.de\/wp-content\/uploads\/2021\/11\/Bildschirmfoto-2021-11-19-um-11.40.05.png"},{"title":"Wohl eher nicht!","image":"https:\/\/90x.deinupdate.de\/wp-content\/uploads\/2021\/11\/Bildschirmfoto-2021-11-19-um-11.39.58.png"}],"add_smiley_voting":true},"_links":{"self":[{"href":"https:\/\/90x.deinupdate.de\/index.php?rest_route=\/wp\/v2\/posts\/267686","targetHints":{"allow":["GET"]}}],"collection":[{"href":"https:\/\/90x.deinupdate.de\/index.php?rest_route=\/wp\/v2\/posts"}],"about":[{"href":"https:\/\/90x.deinupdate.de\/index.php?rest_route=\/wp\/v2\/types\/post"}],"author":[{"embeddable":true,"href":"https:\/\/90x.deinupdate.de\/index.php?rest_route=\/wp\/v2\/users\/1"}],"replies":[{"embeddable":true,"href":"https:\/\/90x.deinupdate.de\/index.php?rest_route=%2Fwp%2Fv2%2Fcomments&post=267686"}],"version-history":[{"count":1,"href":"https:\/\/90x.deinupdate.de\/index.php?rest_route=\/wp\/v2\/posts\/267686\/revisions"}],"predecessor-version":[{"id":267688,"href":"https:\/\/90x.deinupdate.de\/index.php?rest_route=\/wp\/v2\/posts\/267686\/revisions\/267688"}],"wp:featuredmedia":[{"embeddable":true,"href":"https:\/\/90x.deinupdate.de\/index.php?rest_route=\/wp\/v2\/media\/267689"}],"wp:attachment":[{"href":"https:\/\/90x.deinupdate.de\/index.php?rest_route=%2Fwp%2Fv2%2Fmedia&parent=267686"}],"wp:term":[{"taxonomy":"category","embeddable":true,"href":"https:\/\/90x.deinupdate.de\/index.php?rest_route=%2Fwp%2Fv2%2Fcategories&post=267686"},{"taxonomy":"post_tag","embeddable":true,"href":"https:\/\/90x.deinupdate.de\/index.php?rest_route=%2Fwp%2Fv2%2Ftags&post=267686"}],"curies":[{"name":"wp","href":"https:\/\/api.w.org\/{rel}","templated":true}]}}