{"id":267648,"date":"2021-11-19T14:22:46","date_gmt":"2021-11-19T14:22:46","guid":{"rendered":"https:\/\/www.deinupdate.de\/?p=267648"},"modified":"2021-11-19T14:52:35","modified_gmt":"2021-11-19T14:52:35","slug":"erster-top-politiker-fordert-impfpflicht","status":"publish","type":"post","link":"https:\/\/90x.deinupdate.de\/?p=267648","title":{"rendered":"Erster Top-Politiker fordert Impfpflicht!"},"content":{"rendered":"<p>In \u00d6sterreich wird sie am Freitag beschlossen. Ab 1. Februar muss sich jeder Einwohner des Landes impfen lassen! Und jetzt bringt auch der erste deutsche Spitzen-Politiker die Impfpflicht ins Spiel.<\/p>\n<h4 style=\"text-align: center;\"><strong>MARKUS S\u00d6DER<\/strong><\/h4>\n<p><em>&#8222;Ich glaube, dass wir um eine allgemeine Impfpflicht nicht herumkommen werden. Sonst wird es eine Endlos-Schleife.\u00a0F\u00fcr n\u00e4chstes Jahr m\u00fcssen wir \u00fcberlegen, ob nicht eine weitergehende Impfpflicht notwendig ist&#8220;<\/em><\/p>\n<p><img loading=\"lazy\" decoding=\"async\" class=\"alignnone size-full wp-image-267654\" src=\"https:\/\/www.deinupdate.de\/wp-content\/uploads\/2021\/11\/Bildschirmfoto-2021-11-19-um-15.17.08.png\" alt=\"\" width=\"524\" height=\"394\" srcset=\"https:\/\/90x.deinupdate.de\/wp-content\/uploads\/2021\/11\/Bildschirmfoto-2021-11-19-um-15.17.08.png 524w, https:\/\/90x.deinupdate.de\/wp-content\/uploads\/2021\/11\/Bildschirmfoto-2021-11-19-um-15.17.08-300x226.png 300w\" sizes=\"auto, (max-width: 524px) 100vw, 524px\" \/><\/p>\n<p>Das sagt der Landeschef von Bayern, nachdem er die neuen Knallhart-Ma\u00dfnahmen f\u00fcr sein Bundesland verk\u00fcndet. Widerspruch gibt es daf\u00fcr aus der SPD, Noch-Au\u00dfenminister Maas legt sich am Freitag fest: Eine Impfpflicht wird NICHT kommen!<\/p>\n<h4 style=\"text-align: center;\"><strong>HIER SEHT IHR ES<\/strong><\/h4>\n<blockquote class=\"twitter-tweet\">\n<p dir=\"ltr\" lang=\"de\">&#8222;Ich glaube, dass wir am Ende um eine allgemeine <a href=\"https:\/\/twitter.com\/hashtag\/Impfpflicht?src=hash&amp;ref_src=twsrc%5Etfw\">#Impfpflicht<\/a> nicht herumkommen werden&#8220;, meint Bayerns Ministerpr\u00e4sident <a href=\"https:\/\/twitter.com\/Markus_Soeder?ref_src=twsrc%5Etfw\">@Markus_Soeder<\/a>. Sp\u00e4testens im Fr\u00fchjahr sei diese Frage zu kl\u00e4ren. &#8222;Sonst wird das eine Endlosschleife mit dem Mist Corona.&#8220; <a href=\"https:\/\/t.co\/GRBM8mfDrw\">pic.twitter.com\/GRBM8mfDrw<\/a><\/p>\n<p>\u2014 phoenix (@phoenix_de) <a href=\"https:\/\/twitter.com\/phoenix_de\/status\/1461692551140986890?ref_src=twsrc%5Etfw\">November 19, 2021<\/a><\/p><\/blockquote>\n<p><script async src=\"https:\/\/platform.twitter.com\/widgets.js\" charset=\"utf-8\"><\/script><\/p>\n","protected":false},"excerpt":{"rendered":"<p>In \u00d6sterreich wird sie am Freitag beschlossen. Ab 1. Februar muss sich jeder Einwohner des Landes impfen lassen! Und jetzt bringt auch der erste deutsche Spitzen-Politiker die Impfpflicht ins Spiel. MARKUS S\u00d6DER &#8222;Ich glaube, dass wir um eine allgemeine Impfpflicht nicht herumkommen werden. Sonst wird es eine Endlos-Schleife.\u00a0F\u00fcr n\u00e4chstes Jahr m\u00fcssen wir \u00fcberlegen, ob nicht [&hellip;]<\/p>\n","protected":false},"author":1,"featured_media":267649,"comment_status":"open","ping_status":"open","sticky":false,"template":"","format":"standard","meta":{"footnotes":""},"categories":[1],"tags":[],"class_list":["post-267648","post","type-post","status-publish","format-standard","has-post-thumbnail","hentry","category-allgemein"],"publishpress_future_action":{"enabled":false,"date":"1970-01-01 00:00:00","action":"","terms":[],"taxonomy":"","browser_timezone_offset":0},"featured_media_src_url":"https:\/\/90x.deinupdate.de\/wp-content\/uploads\/2021\/11\/Bildschirmfoto-2021-11-19-um-15.08.20.png","acf":{"enable_amazon_playlist_tag_matching":true,"voting_title":"IMPFPFLICHT?","voting_items":[{"title":"Ja, sie muss her!","image":"https:\/\/90x.deinupdate.de\/wp-content\/uploads\/2021\/11\/Bildschirmfoto-2021-11-19-um-14.30.29.png"},{"title":"Ich bin dagegen!","image":"https:\/\/90x.deinupdate.de\/wp-content\/uploads\/2021\/11\/Bildschirmfoto-2021-11-18-um-12.23.56.png"}],"add_smiley_voting":true},"_links":{"self":[{"href":"https:\/\/90x.deinupdate.de\/index.php?rest_route=\/wp\/v2\/posts\/267648","targetHints":{"allow":["GET"]}}],"collection":[{"href":"https:\/\/90x.deinupdate.de\/index.php?rest_route=\/wp\/v2\/posts"}],"about":[{"href":"https:\/\/90x.deinupdate.de\/index.php?rest_route=\/wp\/v2\/types\/post"}],"author":[{"embeddable":true,"href":"https:\/\/90x.deinupdate.de\/index.php?rest_route=\/wp\/v2\/users\/1"}],"replies":[{"embeddable":true,"href":"https:\/\/90x.deinupdate.de\/index.php?rest_route=%2Fwp%2Fv2%2Fcomments&post=267648"}],"version-history":[{"count":2,"href":"https:\/\/90x.deinupdate.de\/index.php?rest_route=\/wp\/v2\/posts\/267648\/revisions"}],"predecessor-version":[{"id":267669,"href":"https:\/\/90x.deinupdate.de\/index.php?rest_route=\/wp\/v2\/posts\/267648\/revisions\/267669"}],"wp:featuredmedia":[{"embeddable":true,"href":"https:\/\/90x.deinupdate.de\/index.php?rest_route=\/wp\/v2\/media\/267649"}],"wp:attachment":[{"href":"https:\/\/90x.deinupdate.de\/index.php?rest_route=%2Fwp%2Fv2%2Fmedia&parent=267648"}],"wp:term":[{"taxonomy":"category","embeddable":true,"href":"https:\/\/90x.deinupdate.de\/index.php?rest_route=%2Fwp%2Fv2%2Fcategories&post=267648"},{"taxonomy":"post_tag","embeddable":true,"href":"https:\/\/90x.deinupdate.de\/index.php?rest_route=%2Fwp%2Fv2%2Ftags&post=267648"}],"curies":[{"name":"wp","href":"https:\/\/api.w.org\/{rel}","templated":true}]}}