{"id":267596,"date":"2021-11-19T13:33:10","date_gmt":"2021-11-19T13:33:10","guid":{"rendered":"https:\/\/www.deinupdate.de\/?p=267596"},"modified":"2021-11-19T13:35:00","modified_gmt":"2021-11-19T13:35:00","slug":"%e2%9d%8c%e2%9d%8c%e2%9d%8c%e2%9d%8c%e2%9d%8c%e2%9d%8c%e2%9d%8c%e2%9d%8c%e2%9d%8c%e2%9d%8c","status":"publish","type":"post","link":"https:\/\/90x.deinupdate.de\/?p=267596","title":{"rendered":"NEIN!"},"content":{"rendered":"<p>JA ODER NEIN? Nachdem \u00d6sterreich ab Februar auf eine Impfpflicht setzt, schauen nun Millionen Menschen in Deutschland gespannt auf die kommenden Handlungen der deutschen Regierung. Jetzt gibt es ein Statement&#8230;<\/p>\n<h4 style=\"text-align: center;\"><strong>KEINE IMPFPFLICHT\u00a0<\/strong><\/h4>\n<p><em><span class=\"css-901oao css-16my406 r-poiln3 r-bcqeeo r-qvutc0\">&#8222;Es wird keinen Lockdown\u00a0<\/span><span class=\"css-901oao css-16my406 r-poiln3 r-bcqeeo r-qvutc0\">geben (&#8230;) Es wird keine Impfpflicht\u00a0<\/span><span class=\"css-901oao css-16my406 r-poiln3 r-bcqeeo r-qvutc0\">f\u00fcr alle geben&#8220;<\/span><\/em><\/p>\n<p>So (Noch)-Aussenminister Heiko Maas am Freitag bei BILD Live.<\/p>\n<p><img loading=\"lazy\" decoding=\"async\" class=\"alignnone size-full wp-image-267610\" src=\"https:\/\/www.deinupdate.de\/wp-content\/uploads\/2021\/11\/Bildschirmfoto-2021-11-19-um-14.34.39.png\" alt=\"\" width=\"1116\" height=\"622\" srcset=\"https:\/\/90x.deinupdate.de\/wp-content\/uploads\/2021\/11\/Bildschirmfoto-2021-11-19-um-14.34.39.png 1116w, https:\/\/90x.deinupdate.de\/wp-content\/uploads\/2021\/11\/Bildschirmfoto-2021-11-19-um-14.34.39-300x167.png 300w, https:\/\/90x.deinupdate.de\/wp-content\/uploads\/2021\/11\/Bildschirmfoto-2021-11-19-um-14.34.39-768x428.png 768w, https:\/\/90x.deinupdate.de\/wp-content\/uploads\/2021\/11\/Bildschirmfoto-2021-11-19-um-14.34.39-1024x571.png 1024w\" sizes=\"auto, (max-width: 1116px) 100vw, 1116px\" \/><\/p>\n<h4 style=\"text-align: center;\"><strong>ABER<\/strong><\/h4>\n<p>Wie sehr kann man auf die Worte von Heiko Maas bauen? Der SPD-Politiker wird in der kommenden Regierung von SPD, FDP und Gr\u00fcnen keine tragende Rolle haben, sodass er dieses Versprechen wohl schwer kontrollieren kann.<\/p>\n<p><img loading=\"lazy\" decoding=\"async\" class=\"alignnone size-full wp-image-267412\" src=\"https:\/\/www.deinupdate.de\/wp-content\/uploads\/2021\/11\/Bildschirmfoto-2021-11-18-um-23.32.10.png\" alt=\"\" width=\"868\" height=\"572\" srcset=\"https:\/\/90x.deinupdate.de\/wp-content\/uploads\/2021\/11\/Bildschirmfoto-2021-11-18-um-23.32.10.png 868w, https:\/\/90x.deinupdate.de\/wp-content\/uploads\/2021\/11\/Bildschirmfoto-2021-11-18-um-23.32.10-300x198.png 300w, https:\/\/90x.deinupdate.de\/wp-content\/uploads\/2021\/11\/Bildschirmfoto-2021-11-18-um-23.32.10-768x506.png 768w\" sizes=\"auto, (max-width: 868px) 100vw, 868px\" \/><\/p>\n<p>In \u00d6sterreich kommt die Impfpflicht, wird Deutschland davor zuk\u00fcnftig wirklich zur\u00fcckschrecken?<\/p>\n","protected":false},"excerpt":{"rendered":"<p>JA ODER NEIN? Nachdem \u00d6sterreich ab Februar auf eine Impfpflicht setzt, schauen nun Millionen Menschen in Deutschland gespannt auf die kommenden Handlungen der deutschen Regierung. Jetzt gibt es ein Statement&#8230; KEINE IMPFPFLICHT\u00a0 &#8222;Es wird keinen Lockdown\u00a0geben (&#8230;) Es wird keine Impfpflicht\u00a0f\u00fcr alle geben&#8220; So (Noch)-Aussenminister Heiko Maas am Freitag bei BILD Live. ABER Wie sehr [&hellip;]<\/p>\n","protected":false},"author":1,"featured_media":267603,"comment_status":"open","ping_status":"open","sticky":false,"template":"","format":"standard","meta":{"footnotes":""},"categories":[1],"tags":[],"class_list":["post-267596","post","type-post","status-publish","format-standard","has-post-thumbnail","hentry","category-allgemein"],"publishpress_future_action":{"enabled":false,"date":"1970-01-01 00:00:00","action":"","terms":[],"taxonomy":"","browser_timezone_offset":0},"featured_media_src_url":"https:\/\/90x.deinupdate.de\/wp-content\/uploads\/2021\/11\/Bildschirmfoto-2021-11-19-um-14.30.29.png","acf":{"enable_amazon_playlist_tag_matching":true,"voting_title":"WAS DENKST DU?","voting_items":[{"title":"Es kommt keine Impfpflicht!","image":"https:\/\/90x.deinupdate.de\/wp-content\/uploads\/2021\/11\/Bildschirmfoto-2021-11-19-um-14.30.16.png"},{"title":"Ich glaub denen gar nichts mehr...","image":"https:\/\/90x.deinupdate.de\/wp-content\/uploads\/2021\/11\/Bildschirmfoto-2021-11-19-um-14.30.47.png"}],"add_smiley_voting":true},"_links":{"self":[{"href":"https:\/\/90x.deinupdate.de\/index.php?rest_route=\/wp\/v2\/posts\/267596","targetHints":{"allow":["GET"]}}],"collection":[{"href":"https:\/\/90x.deinupdate.de\/index.php?rest_route=\/wp\/v2\/posts"}],"about":[{"href":"https:\/\/90x.deinupdate.de\/index.php?rest_route=\/wp\/v2\/types\/post"}],"author":[{"embeddable":true,"href":"https:\/\/90x.deinupdate.de\/index.php?rest_route=\/wp\/v2\/users\/1"}],"replies":[{"embeddable":true,"href":"https:\/\/90x.deinupdate.de\/index.php?rest_route=%2Fwp%2Fv2%2Fcomments&post=267596"}],"version-history":[{"count":3,"href":"https:\/\/90x.deinupdate.de\/index.php?rest_route=\/wp\/v2\/posts\/267596\/revisions"}],"predecessor-version":[{"id":267611,"href":"https:\/\/90x.deinupdate.de\/index.php?rest_route=\/wp\/v2\/posts\/267596\/revisions\/267611"}],"wp:featuredmedia":[{"embeddable":true,"href":"https:\/\/90x.deinupdate.de\/index.php?rest_route=\/wp\/v2\/media\/267603"}],"wp:attachment":[{"href":"https:\/\/90x.deinupdate.de\/index.php?rest_route=%2Fwp%2Fv2%2Fmedia&parent=267596"}],"wp:term":[{"taxonomy":"category","embeddable":true,"href":"https:\/\/90x.deinupdate.de\/index.php?rest_route=%2Fwp%2Fv2%2Fcategories&post=267596"},{"taxonomy":"post_tag","embeddable":true,"href":"https:\/\/90x.deinupdate.de\/index.php?rest_route=%2Fwp%2Fv2%2Ftags&post=267596"}],"curies":[{"name":"wp","href":"https:\/\/api.w.org\/{rel}","templated":true}]}}