{"id":267436,"date":"2021-11-19T10:02:18","date_gmt":"2021-11-19T10:02:18","guid":{"rendered":"https:\/\/www.deinupdate.de\/?p=267436"},"modified":"2021-11-19T10:03:57","modified_gmt":"2021-11-19T10:03:57","slug":"die-impfpflicht-fuer-alle-kommt","status":"publish","type":"post","link":"https:\/\/90x.deinupdate.de\/?p=267436","title":{"rendered":"&#8222;DIE IMPFPFLICHT F\u00dcR ALLE KOMMT&#8220;"},"content":{"rendered":"<p>Unser Nachbar im S\u00fcden macht ernst. Nachdem bereits ein Lockdown f\u00fcr alle verh\u00e4ngt wurde, kommt jetzt in \u00d6sterreich\u00a0der n\u00e4chste Corona-Hammer&#8230;<\/p>\n<h4 style=\"text-align: center;\"><strong>AB FEBRUAR<\/strong><\/h4>\n<p>Es ist offiziell: Die Impfpflicht f\u00fcr ALLE in \u00d6sterreich gilt ab 1. Februar 2022. Bundeskanzler Schallenberg w\u00e4hlt bei der Verk\u00fcndung deutliche Worte.<\/p>\n<p><img loading=\"lazy\" decoding=\"async\" class=\"alignnone size-full wp-image-267439\" src=\"https:\/\/www.deinupdate.de\/wp-content\/uploads\/2021\/11\/Bildschirmfoto-2021-11-19-um-10.42.10.png\" alt=\"\" width=\"730\" height=\"650\" srcset=\"https:\/\/90x.deinupdate.de\/wp-content\/uploads\/2021\/11\/Bildschirmfoto-2021-11-19-um-10.42.10.png 730w, https:\/\/90x.deinupdate.de\/wp-content\/uploads\/2021\/11\/Bildschirmfoto-2021-11-19-um-10.42.10-300x267.png 300w, https:\/\/90x.deinupdate.de\/wp-content\/uploads\/2021\/11\/Bildschirmfoto-2021-11-19-um-10.42.10-450x400.png 450w\" sizes=\"auto, (max-width: 730px) 100vw, 730px\" \/><\/p>\n<h4 style=\"text-align: center;\"><strong>STATEMENT<\/strong><\/h4>\n<p><em>&#8222;Wir m\u00fcssen der Realit\u00e4t ins Auge schauen. Aufgestachelt von radikalen Impfgegnern und fadenscheinigen Fake-News haben sich zu wenige impfen lassen. Das ist ein Attentat auf unser Gesundheits-System&#8220;<\/em><\/p>\n<p>Ergebnis: Die Impfpflicht kommt jetzt!<\/p>\n<h4 style=\"text-align: center;\"><strong>HIER DIE QUELLE<\/strong><\/h4>\n<blockquote class=\"twitter-tweet\">\n<p dir=\"ltr\" lang=\"de\">\u00d6sterreich beschlie\u00dft <a href=\"https:\/\/twitter.com\/hashtag\/Lockdown?src=hash&amp;ref_src=twsrc%5Etfw\">#Lockdown<\/a> und <a href=\"https:\/\/twitter.com\/hashtag\/Impfpflicht?src=hash&amp;ref_src=twsrc%5Etfw\">#Impfpflicht<\/a>:<br \/>\nWegen der steigenden Inzidenzen geht ganz \u00d6sterreich ab Montag in den Lockdown. Im Februar soll laut der Regierung eine allgemeine Impfpflicht kommen. <a href=\"https:\/\/t.co\/3paQSrvsx3\">https:\/\/t.co\/3paQSrvsx3<\/a><\/p>\n<p>\u2014 SPIEGEL EIL (@SPIEGEL_EIL) <a href=\"https:\/\/twitter.com\/SPIEGEL_EIL\/status\/1461629632361476101?ref_src=twsrc%5Etfw\">November 19, 2021<\/a><\/p><\/blockquote>\n<p><script async src=\"https:\/\/platform.twitter.com\/widgets.js\" charset=\"utf-8\"><\/script><\/p>\n","protected":false},"excerpt":{"rendered":"<p>Unser Nachbar im S\u00fcden macht ernst. Nachdem bereits ein Lockdown f\u00fcr alle verh\u00e4ngt wurde, kommt jetzt in \u00d6sterreich\u00a0der n\u00e4chste Corona-Hammer&#8230; AB FEBRUAR Es ist offiziell: Die Impfpflicht f\u00fcr ALLE in \u00d6sterreich gilt ab 1. Februar 2022. Bundeskanzler Schallenberg w\u00e4hlt bei der Verk\u00fcndung deutliche Worte. STATEMENT &#8222;Wir m\u00fcssen der Realit\u00e4t ins Auge schauen. Aufgestachelt von radikalen [&hellip;]<\/p>\n","protected":false},"author":1,"featured_media":267437,"comment_status":"open","ping_status":"open","sticky":false,"template":"","format":"standard","meta":{"footnotes":""},"categories":[1],"tags":[],"class_list":["post-267436","post","type-post","status-publish","format-standard","has-post-thumbnail","hentry","category-allgemein"],"publishpress_future_action":{"enabled":false,"date":"1970-01-01 00:00:00","action":"","terms":[],"taxonomy":"","browser_timezone_offset":0},"featured_media_src_url":"https:\/\/90x.deinupdate.de\/wp-content\/uploads\/2021\/11\/Bildschirmfoto-2021-11-19-um-10.40.11.png","acf":{"enable_amazon_playlist_tag_matching":true,"voting_title":"DEINE MEINUNG?","voting_items":[{"title":"Richtig!","image":"https:\/\/90x.deinupdate.de\/wp-content\/uploads\/2021\/11\/Bildschirmfoto-2021-11-18-um-12.23.56.png"},{"title":"Falsch!","image":"https:\/\/90x.deinupdate.de\/wp-content\/uploads\/2021\/11\/Bildschirmfoto-2021-11-17-um-22.53.06.png"}],"add_smiley_voting":true},"_links":{"self":[{"href":"https:\/\/90x.deinupdate.de\/index.php?rest_route=\/wp\/v2\/posts\/267436","targetHints":{"allow":["GET"]}}],"collection":[{"href":"https:\/\/90x.deinupdate.de\/index.php?rest_route=\/wp\/v2\/posts"}],"about":[{"href":"https:\/\/90x.deinupdate.de\/index.php?rest_route=\/wp\/v2\/types\/post"}],"author":[{"embeddable":true,"href":"https:\/\/90x.deinupdate.de\/index.php?rest_route=\/wp\/v2\/users\/1"}],"replies":[{"embeddable":true,"href":"https:\/\/90x.deinupdate.de\/index.php?rest_route=%2Fwp%2Fv2%2Fcomments&post=267436"}],"version-history":[{"count":5,"href":"https:\/\/90x.deinupdate.de\/index.php?rest_route=\/wp\/v2\/posts\/267436\/revisions"}],"predecessor-version":[{"id":267447,"href":"https:\/\/90x.deinupdate.de\/index.php?rest_route=\/wp\/v2\/posts\/267436\/revisions\/267447"}],"wp:featuredmedia":[{"embeddable":true,"href":"https:\/\/90x.deinupdate.de\/index.php?rest_route=\/wp\/v2\/media\/267437"}],"wp:attachment":[{"href":"https:\/\/90x.deinupdate.de\/index.php?rest_route=%2Fwp%2Fv2%2Fmedia&parent=267436"}],"wp:term":[{"taxonomy":"category","embeddable":true,"href":"https:\/\/90x.deinupdate.de\/index.php?rest_route=%2Fwp%2Fv2%2Fcategories&post=267436"},{"taxonomy":"post_tag","embeddable":true,"href":"https:\/\/90x.deinupdate.de\/index.php?rest_route=%2Fwp%2Fv2%2Ftags&post=267436"}],"curies":[{"name":"wp","href":"https:\/\/api.w.org\/{rel}","templated":true}]}}