{"id":267214,"date":"2021-11-18T14:14:20","date_gmt":"2021-11-18T14:14:20","guid":{"rendered":"https:\/\/www.deinupdate.de\/?p=267214"},"modified":"2021-11-18T17:45:12","modified_gmt":"2021-11-18T17:45:12","slug":"eil-impfpflicht-fuer","status":"publish","type":"post","link":"https:\/\/90x.deinupdate.de\/?p=267214","title":{"rendered":"IMPFPFLICHT F\u00dcR&#8230;"},"content":{"rendered":"<p>Seit 14 Uhr l\u00e4uft die sogenannte MPK, das gro\u00dfe Corona-Treffen von Angela Merkel und den Chefs der 16 Bundesl\u00e4nder. Und direkt aus der Sitzung kommt die Hammer-Info: Alle Teilnehmer wollen eine Impfpflicht F\u00dcR&#8230;<\/p>\n<h4 style=\"text-align: center;\"><strong>PFLEGE-PERSONAL<\/strong><\/h4>\n<p>Die Ministerpr\u00e4sidenten stimmen f\u00fcr die Impfpflicht f\u00fcr Pfleger, Krankenhaus- und Altenheim-Personal! Das geht aus der neuen Beschluss-Vorlage vor, die BILD grad leakt.<\/p>\n<p>Beschlossen ist das zwar noch nicht final, aber die Entscheidung wird wohl im Laufe des Tages offiziell werden.<\/p>\n<p><img loading=\"lazy\" decoding=\"async\" class=\"alignnone size-full wp-image-267221\" src=\"https:\/\/www.deinupdate.de\/wp-content\/uploads\/2021\/11\/Bildschirmfoto-2021-11-18-um-14.59.47.png\" alt=\"\" width=\"710\" height=\"496\" srcset=\"https:\/\/90x.deinupdate.de\/wp-content\/uploads\/2021\/11\/Bildschirmfoto-2021-11-18-um-14.59.47.png 710w, https:\/\/90x.deinupdate.de\/wp-content\/uploads\/2021\/11\/Bildschirmfoto-2021-11-18-um-14.59.47-300x210.png 300w\" sizes=\"auto, (max-width: 710px) 100vw, 710px\" \/><\/p>\n<h4 style=\"text-align: center;\"><strong>WEITERE PUNKTE<\/strong><\/h4>\n<p>2G f\u00fcr alle Ungeimpften kommt! ABER: Ausnahmen soll es wom\u00f6glich f\u00fcr alle unter 18 Jahren geben. In diesem Punkt hat sich die SPD gegen die CDU-Ministerpr\u00e4sidenten durchgesetzt.<\/p>\n<p>Au\u00dferdem soll\u00a03G in Bus, Bahn und Tram kommen.<\/p>\n<h4 style=\"text-align: center;\"><strong>HIER SEHT IHR ES<\/strong><\/h4>\n<blockquote class=\"twitter-tweet\">\n<p dir=\"ltr\" lang=\"de\">BILD liegt die neue <a href=\"https:\/\/twitter.com\/hashtag\/Beschlussvorlage?src=hash&amp;ref_src=twsrc%5Etfw\">#Beschlussvorlage<\/a> vor: Die L\u00e4nderchefs wollen eine <a href=\"https:\/\/twitter.com\/hashtag\/Impfpflicht?src=hash&amp;ref_src=twsrc%5Etfw\">#Impfpflicht<\/a> f\u00fcr <a href=\"https:\/\/twitter.com\/hashtag\/Pfleger?src=hash&amp;ref_src=twsrc%5Etfw\">#Pfleger<\/a>! Jetzt die <a href=\"https:\/\/twitter.com\/hashtag\/MPK?src=hash&amp;ref_src=twsrc%5Etfw\">#MPK<\/a> bei <a href=\"https:\/\/twitter.com\/hashtag\/BILDLive?src=hash&amp;ref_src=twsrc%5Etfw\">#BILDLive<\/a> mitverfolgen: <a href=\"https:\/\/t.co\/60CsDGwkaN\">https:\/\/t.co\/60CsDGwkaN<\/a><a href=\"https:\/\/t.co\/M1ffoT7WU6\">https:\/\/t.co\/M1ffoT7WU6<\/a> <a href=\"https:\/\/t.co\/XcEXJcPP7W\">pic.twitter.com\/XcEXJcPP7W<\/a><\/p>\n<p>\u2014 BILD (@BILD) <a href=\"https:\/\/twitter.com\/BILD\/status\/1461333670833405956?ref_src=twsrc%5Etfw\">November 18, 2021<\/a><\/p><\/blockquote>\n<p><script async src=\"https:\/\/platform.twitter.com\/widgets.js\" charset=\"utf-8\"><\/script><\/p>\n","protected":false},"excerpt":{"rendered":"<p>Seit 14 Uhr l\u00e4uft die sogenannte MPK, das gro\u00dfe Corona-Treffen von Angela Merkel und den Chefs der 16 Bundesl\u00e4nder. Und direkt aus der Sitzung kommt die Hammer-Info: Alle Teilnehmer wollen eine Impfpflicht F\u00dcR&#8230; PFLEGE-PERSONAL Die Ministerpr\u00e4sidenten stimmen f\u00fcr die Impfpflicht f\u00fcr Pfleger, Krankenhaus- und Altenheim-Personal! Das geht aus der neuen Beschluss-Vorlage vor, die BILD grad [&hellip;]<\/p>\n","protected":false},"author":1,"featured_media":267217,"comment_status":"open","ping_status":"open","sticky":false,"template":"","format":"standard","meta":{"footnotes":""},"categories":[1],"tags":[],"class_list":["post-267214","post","type-post","status-publish","format-standard","has-post-thumbnail","hentry","category-allgemein"],"publishpress_future_action":{"enabled":false,"date":"1970-01-01 00:00:00","action":"","terms":[],"taxonomy":"","browser_timezone_offset":0},"featured_media_src_url":"https:\/\/90x.deinupdate.de\/wp-content\/uploads\/2021\/11\/Bildschirmfoto-2021-11-18-um-14.59.30.png","acf":{"enable_amazon_playlist_tag_matching":true,"voting_title":"IMPFPFLICHT KOMMT!","voting_items":[{"title":"Gut so!","image":"https:\/\/90x.deinupdate.de\/wp-content\/uploads\/2021\/11\/Bildschirmfoto-2021-11-16-um-16.37.26.png"},{"title":"Bin dagegen!","image":"https:\/\/90x.deinupdate.de\/wp-content\/uploads\/2021\/11\/Bildschirmfoto-2021-11-15-um-11.28.37.png"}],"add_smiley_voting":true},"_links":{"self":[{"href":"https:\/\/90x.deinupdate.de\/index.php?rest_route=\/wp\/v2\/posts\/267214","targetHints":{"allow":["GET"]}}],"collection":[{"href":"https:\/\/90x.deinupdate.de\/index.php?rest_route=\/wp\/v2\/posts"}],"about":[{"href":"https:\/\/90x.deinupdate.de\/index.php?rest_route=\/wp\/v2\/types\/post"}],"author":[{"embeddable":true,"href":"https:\/\/90x.deinupdate.de\/index.php?rest_route=\/wp\/v2\/users\/1"}],"replies":[{"embeddable":true,"href":"https:\/\/90x.deinupdate.de\/index.php?rest_route=%2Fwp%2Fv2%2Fcomments&post=267214"}],"version-history":[{"count":3,"href":"https:\/\/90x.deinupdate.de\/index.php?rest_route=\/wp\/v2\/posts\/267214\/revisions"}],"predecessor-version":[{"id":267323,"href":"https:\/\/90x.deinupdate.de\/index.php?rest_route=\/wp\/v2\/posts\/267214\/revisions\/267323"}],"wp:featuredmedia":[{"embeddable":true,"href":"https:\/\/90x.deinupdate.de\/index.php?rest_route=\/wp\/v2\/media\/267217"}],"wp:attachment":[{"href":"https:\/\/90x.deinupdate.de\/index.php?rest_route=%2Fwp%2Fv2%2Fmedia&parent=267214"}],"wp:term":[{"taxonomy":"category","embeddable":true,"href":"https:\/\/90x.deinupdate.de\/index.php?rest_route=%2Fwp%2Fv2%2Fcategories&post=267214"},{"taxonomy":"post_tag","embeddable":true,"href":"https:\/\/90x.deinupdate.de\/index.php?rest_route=%2Fwp%2Fv2%2Ftags&post=267214"}],"curies":[{"name":"wp","href":"https:\/\/api.w.org\/{rel}","templated":true}]}}