{"id":266337,"date":"2021-11-16T12:25:10","date_gmt":"2021-11-16T12:25:10","guid":{"rendered":"https:\/\/www.deinupdate.de\/?p=266337"},"modified":"2021-11-16T12:35:30","modified_gmt":"2021-11-16T12:35:30","slug":"alles-abgesagt-3","status":"publish","type":"post","link":"https:\/\/90x.deinupdate.de\/?p=266337","title":{"rendered":"ALLES ABGESAGT!"},"content":{"rendered":"<p>Soeben wird die Entscheidung des aktuellen Oberb\u00fcrgermeisters offiziell. Die traditionelle Veranstaltung wird abgesagt \u2013 obwohl vor wenigen Stunden noch alles anders aussah&#8230;<\/p>\n<h4 style=\"text-align: center;\"><strong>WEIHNACHTSMARKT M\u00dcNCHEN<\/strong><\/h4>\n<p><em>&#8222;Der M\u00fcnchner Christkindlmarkt kann dieses Jahr leider nicht stattfinden. Alles andere w\u00e4re eine nicht zu verantwortende Erh\u00f6hung des Infektions-Risikos und dar\u00fcber hinaus auch das falsche Signal&#8220;<\/em><\/p>\n<p>Das sagt B\u00fcrgermeister Dieter Reiter soeben in einem Statement. Wichtigster Grund: Die dramatische Situation in den Kliniken und die exponentiell steigenden Infektions-Zahlen, so der SPD-Politiker.<\/p>\n<p><img loading=\"lazy\" decoding=\"async\" class=\"alignnone size-full wp-image-266363\" src=\"https:\/\/www.deinupdate.de\/wp-content\/uploads\/2021\/11\/Bildschirmfoto-2021-11-16-um-13.07.24.png\" alt=\"\" width=\"876\" height=\"728\" srcset=\"https:\/\/90x.deinupdate.de\/wp-content\/uploads\/2021\/11\/Bildschirmfoto-2021-11-16-um-13.07.24.png 876w, https:\/\/90x.deinupdate.de\/wp-content\/uploads\/2021\/11\/Bildschirmfoto-2021-11-16-um-13.07.24-300x249.png 300w, https:\/\/90x.deinupdate.de\/wp-content\/uploads\/2021\/11\/Bildschirmfoto-2021-11-16-um-13.07.24-768x638.png 768w\" sizes=\"auto, (max-width: 876px) 100vw, 876px\" \/><\/p>\n<h4 style=\"text-align: center;\"><strong>REGELN<\/strong><\/h4>\n<p>Erst am Montag hatte die Stadt M\u00fcnchen eine Maskenpflicht f\u00fcr den Weihnachtsmarkt verh\u00e4ngt. Doch nur wenige Stunden sp\u00e4ter sagen die Verantwortlichen alles ab&#8230;<\/p>\n<h4 style=\"text-align: center;\"><strong>HIER SEHT IHR ES<\/strong><\/h4>\n<blockquote class=\"twitter-tweet\">\n<p dir=\"ltr\" lang=\"de\">Der Christkindlmarkt auf dem M\u00fcnchner Marienplatz wird abgesagt. <a href=\"https:\/\/t.co\/TKIPz5PW0x\">https:\/\/t.co\/TKIPz5PW0x<\/a><\/p>\n<p>\u2014 S\u00fcddeutsche Zeitung (@SZ) <a href=\"https:\/\/twitter.com\/SZ\/status\/1460574907549589511?ref_src=twsrc%5Etfw\">November 16, 2021<\/a><\/p><\/blockquote>\n<p><script async src=\"https:\/\/platform.twitter.com\/widgets.js\" charset=\"utf-8\"><\/script><\/p>\n","protected":false},"excerpt":{"rendered":"<p>Soeben wird die Entscheidung des aktuellen Oberb\u00fcrgermeisters offiziell. Die traditionelle Veranstaltung wird abgesagt \u2013 obwohl vor wenigen Stunden noch alles anders aussah&#8230; WEIHNACHTSMARKT M\u00dcNCHEN &#8222;Der M\u00fcnchner Christkindlmarkt kann dieses Jahr leider nicht stattfinden. Alles andere w\u00e4re eine nicht zu verantwortende Erh\u00f6hung des Infektions-Risikos und dar\u00fcber hinaus auch das falsche Signal&#8220; Das sagt B\u00fcrgermeister Dieter Reiter [&hellip;]<\/p>\n","protected":false},"author":1,"featured_media":266341,"comment_status":"open","ping_status":"open","sticky":false,"template":"","format":"standard","meta":{"footnotes":""},"categories":[1],"tags":[],"class_list":["post-266337","post","type-post","status-publish","format-standard","has-post-thumbnail","hentry","category-allgemein"],"publishpress_future_action":{"enabled":false,"date":"1970-01-01 00:00:00","action":"","terms":[],"taxonomy":"","browser_timezone_offset":0},"featured_media_src_url":"https:\/\/90x.deinupdate.de\/wp-content\/uploads\/2021\/11\/Bildschirmfoto-2021-11-16-um-12.47.30.png","acf":{"enable_amazon_playlist_tag_matching":true,"voting_title":"RICHTIG SO?","voting_items":[{"title":"Klares Ja!","image":"https:\/\/90x.deinupdate.de\/wp-content\/uploads\/2021\/11\/Bildschirmfoto-2021-11-16-um-12.47.30.png"},{"title":"Bin dagegen!","image":"https:\/\/90x.deinupdate.de\/wp-content\/uploads\/2021\/11\/Bildschirmfoto-2021-11-16-um-12.47.51.png"}],"add_smiley_voting":true},"_links":{"self":[{"href":"https:\/\/90x.deinupdate.de\/index.php?rest_route=\/wp\/v2\/posts\/266337","targetHints":{"allow":["GET"]}}],"collection":[{"href":"https:\/\/90x.deinupdate.de\/index.php?rest_route=\/wp\/v2\/posts"}],"about":[{"href":"https:\/\/90x.deinupdate.de\/index.php?rest_route=\/wp\/v2\/types\/post"}],"author":[{"embeddable":true,"href":"https:\/\/90x.deinupdate.de\/index.php?rest_route=\/wp\/v2\/users\/1"}],"replies":[{"embeddable":true,"href":"https:\/\/90x.deinupdate.de\/index.php?rest_route=%2Fwp%2Fv2%2Fcomments&post=266337"}],"version-history":[{"count":3,"href":"https:\/\/90x.deinupdate.de\/index.php?rest_route=\/wp\/v2\/posts\/266337\/revisions"}],"predecessor-version":[{"id":266383,"href":"https:\/\/90x.deinupdate.de\/index.php?rest_route=\/wp\/v2\/posts\/266337\/revisions\/266383"}],"wp:featuredmedia":[{"embeddable":true,"href":"https:\/\/90x.deinupdate.de\/index.php?rest_route=\/wp\/v2\/media\/266341"}],"wp:attachment":[{"href":"https:\/\/90x.deinupdate.de\/index.php?rest_route=%2Fwp%2Fv2%2Fmedia&parent=266337"}],"wp:term":[{"taxonomy":"category","embeddable":true,"href":"https:\/\/90x.deinupdate.de\/index.php?rest_route=%2Fwp%2Fv2%2Fcategories&post=266337"},{"taxonomy":"post_tag","embeddable":true,"href":"https:\/\/90x.deinupdate.de\/index.php?rest_route=%2Fwp%2Fv2%2Ftags&post=266337"}],"curies":[{"name":"wp","href":"https:\/\/api.w.org\/{rel}","templated":true}]}}