{"id":266075,"date":"2021-11-15T16:01:16","date_gmt":"2021-11-15T16:01:16","guid":{"rendered":"https:\/\/www.deinupdate.de\/?p=266075"},"modified":"2021-11-15T16:05:05","modified_gmt":"2021-11-15T16:05:05","slug":"fake-news","status":"publish","type":"post","link":"https:\/\/90x.deinupdate.de\/?p=266075","title":{"rendered":"FAKE NEWS!"},"content":{"rendered":"<p>Alle gro\u00dfen Medien in Deutschland bringen die Meldung am Montag Mittag. Die Fraktions-Chefin der Gr\u00fcnen hat best\u00e4tigt, dass die Impfpflicht f\u00fcr bestimmte Berufe und Bereiche kommt! Doch wenige Stunden sp\u00e4ter hei\u00dft es: Stimmt nicht&#8230;<\/p>\n<h4 style=\"text-align: center;\"><strong>DOCH KEINE IMPFPFLICHT<\/strong><\/h4>\n<p><em>&#8222;\u00dcber eine Impfpflicht in Einrichtungen gibt es keine Einigung. Wenn ich da missverstanden worden bin, tut es mir leid&#8220;<\/em><\/p>\n<p>Das sagt Katrin G\u00f6ring-Eckardt von den Gr\u00fcnen soeben \u00fcber ihren Fehler. Also: Erst mal doch keine Impfpflicht in Deutschland. Aus der FDP hei\u00dft es sogar deutlich und ver\u00e4rgert dazu: Das sind Fake News!<\/p>\n<p><img loading=\"lazy\" decoding=\"async\" class=\"alignnone size-full wp-image-266083\" src=\"https:\/\/www.deinupdate.de\/wp-content\/uploads\/2021\/11\/Bildschirmfoto-2021-11-15-um-16.56.04.png\" alt=\"\" width=\"788\" height=\"744\" srcset=\"https:\/\/90x.deinupdate.de\/wp-content\/uploads\/2021\/11\/Bildschirmfoto-2021-11-15-um-16.56.04.png 788w, https:\/\/90x.deinupdate.de\/wp-content\/uploads\/2021\/11\/Bildschirmfoto-2021-11-15-um-16.56.04-300x283.png 300w, https:\/\/90x.deinupdate.de\/wp-content\/uploads\/2021\/11\/Bildschirmfoto-2021-11-15-um-16.56.04-768x725.png 768w\" sizes=\"auto, (max-width: 788px) 100vw, 788px\" \/><\/p>\n<h4 style=\"text-align: center;\"><strong>ALTES STATEMENT<\/strong><\/h4>\n<p><em>&#8222;Wir werden eine Impfpflicht brauchen f\u00fcr Einrichtungen, bei Pflegeheimen, bei Kitas etc. Wir werden das auf den Weg bringen&#8220;<\/em><\/p>\n<p>So lautete die erste Aussage von G\u00f6ring-Eckardt, die heute Mittag f\u00fcr so viel Aufsehen sorgte. Jetzt stellt sich raus: Doch erst mal keine Impfpflicht&#8230;<\/p>\n<h4 style=\"text-align: center;\"><strong>HIER SEHT IHR SIE<\/strong><\/h4>\n<blockquote class=\"twitter-tweet\">\n<p dir=\"ltr\" lang=\"de\">Katrin <a href=\"https:\/\/twitter.com\/GoeringEckardt?ref_src=twsrc%5Etfw\">@GoeringEckardt<\/a> rudert zur\u00fcck: keine <a href=\"https:\/\/twitter.com\/hashtag\/Impfpflicht?src=hash&amp;ref_src=twsrc%5Etfw\">#Impfpflicht<\/a> f\u00fcr Pfleger &amp; Co., auch wenn sie daf\u00fcr w\u00e4re\u2026 <a href=\"https:\/\/twitter.com\/BILD?ref_src=twsrc%5Etfw\">@BILD<\/a> <a href=\"https:\/\/t.co\/zs7whreX5x\">pic.twitter.com\/zs7whreX5x<\/a><\/p>\n<p>\u2014 Julius B\u00f6hm (@juliusboemmes) <a href=\"https:\/\/twitter.com\/juliusboemmes\/status\/1460258967691612167?ref_src=twsrc%5Etfw\">November 15, 2021<\/a><\/p><\/blockquote>\n<p><script async src=\"https:\/\/platform.twitter.com\/widgets.js\" charset=\"utf-8\"><\/script><\/p>\n","protected":false},"excerpt":{"rendered":"<p>Alle gro\u00dfen Medien in Deutschland bringen die Meldung am Montag Mittag. Die Fraktions-Chefin der Gr\u00fcnen hat best\u00e4tigt, dass die Impfpflicht f\u00fcr bestimmte Berufe und Bereiche kommt! Doch wenige Stunden sp\u00e4ter hei\u00dft es: Stimmt nicht&#8230; DOCH KEINE IMPFPFLICHT &#8222;\u00dcber eine Impfpflicht in Einrichtungen gibt es keine Einigung. Wenn ich da missverstanden worden bin, tut es mir [&hellip;]<\/p>\n","protected":false},"author":1,"featured_media":266076,"comment_status":"open","ping_status":"open","sticky":false,"template":"","format":"standard","meta":{"footnotes":""},"categories":[1],"tags":[],"class_list":["post-266075","post","type-post","status-publish","format-standard","has-post-thumbnail","hentry","category-allgemein"],"publishpress_future_action":{"enabled":false,"date":"1970-01-01 00:00:00","action":"","terms":[],"taxonomy":"","browser_timezone_offset":0},"featured_media_src_url":"https:\/\/90x.deinupdate.de\/wp-content\/uploads\/2021\/11\/Bildschirmfoto-2021-11-15-um-16.45.42.png","acf":{"enable_amazon_playlist_tag_matching":true,"voting_title":"IMPFPFLICHT?","voting_items":[{"title":"Bin daf\u00fcr!","image":"https:\/\/90x.deinupdate.de\/wp-content\/uploads\/2021\/11\/Bildschirmfoto-2021-11-15-um-16.45.24.png"},{"title":"Bin dagegen!","image":"https:\/\/90x.deinupdate.de\/wp-content\/uploads\/2021\/11\/Bildschirmfoto-2021-11-15-um-16.44.31.png"}],"add_smiley_voting":true},"_links":{"self":[{"href":"https:\/\/90x.deinupdate.de\/index.php?rest_route=\/wp\/v2\/posts\/266075","targetHints":{"allow":["GET"]}}],"collection":[{"href":"https:\/\/90x.deinupdate.de\/index.php?rest_route=\/wp\/v2\/posts"}],"about":[{"href":"https:\/\/90x.deinupdate.de\/index.php?rest_route=\/wp\/v2\/types\/post"}],"author":[{"embeddable":true,"href":"https:\/\/90x.deinupdate.de\/index.php?rest_route=\/wp\/v2\/users\/1"}],"replies":[{"embeddable":true,"href":"https:\/\/90x.deinupdate.de\/index.php?rest_route=%2Fwp%2Fv2%2Fcomments&post=266075"}],"version-history":[{"count":5,"href":"https:\/\/90x.deinupdate.de\/index.php?rest_route=\/wp\/v2\/posts\/266075\/revisions"}],"predecessor-version":[{"id":266090,"href":"https:\/\/90x.deinupdate.de\/index.php?rest_route=\/wp\/v2\/posts\/266075\/revisions\/266090"}],"wp:featuredmedia":[{"embeddable":true,"href":"https:\/\/90x.deinupdate.de\/index.php?rest_route=\/wp\/v2\/media\/266076"}],"wp:attachment":[{"href":"https:\/\/90x.deinupdate.de\/index.php?rest_route=%2Fwp%2Fv2%2Fmedia&parent=266075"}],"wp:term":[{"taxonomy":"category","embeddable":true,"href":"https:\/\/90x.deinupdate.de\/index.php?rest_route=%2Fwp%2Fv2%2Fcategories&post=266075"},{"taxonomy":"post_tag","embeddable":true,"href":"https:\/\/90x.deinupdate.de\/index.php?rest_route=%2Fwp%2Fv2%2Ftags&post=266075"}],"curies":[{"name":"wp","href":"https:\/\/api.w.org\/{rel}","templated":true}]}}