{"id":265479,"date":"2021-11-13T12:35:26","date_gmt":"2021-11-13T12:35:26","guid":{"rendered":"https:\/\/www.deinupdate.de\/?p=265479"},"modified":"2021-11-13T12:36:18","modified_gmt":"2021-11-13T12:36:18","slug":"kimmich-wird-sich-noch-impfen-lassen","status":"publish","type":"post","link":"https:\/\/90x.deinupdate.de\/?p=265479","title":{"rendered":"&#8222;Kimmich wird sich noch impfen lassen&#8220;"},"content":{"rendered":"<p>Seit Wochen wird \u00fcber seinen Fall in Deutschland diskutiert. Doch jetzt k\u00f6nnte die gro\u00dfe Wende bevorstehen. Ein Kollege glaubt: Joshua Kimmich wird sich bald impfen lassen&#8230;.<\/p>\n<h4 style=\"text-align: center;\"><strong>G\u00dcNDOGAN<\/strong><\/h4>\n<p><em>&#8222;Ich glaube, dass auch der Zeitpunkt kommen wird, an dem sich Jo impfen lassen wird. Das hat er ja ganz bewusst f\u00fcr die Zukunft auch nicht ausgeschlossen&#8220;<\/em><\/p>\n<p><img loading=\"lazy\" decoding=\"async\" class=\"alignnone size-full wp-image-265481\" src=\"https:\/\/www.deinupdate.de\/wp-content\/uploads\/2021\/11\/Bildschirmfoto-2021-11-13-um-12.33.39.png\" alt=\"\" width=\"820\" height=\"712\" srcset=\"https:\/\/90x.deinupdate.de\/wp-content\/uploads\/2021\/11\/Bildschirmfoto-2021-11-13-um-12.33.39.png 820w, https:\/\/90x.deinupdate.de\/wp-content\/uploads\/2021\/11\/Bildschirmfoto-2021-11-13-um-12.33.39-300x260.png 300w, https:\/\/90x.deinupdate.de\/wp-content\/uploads\/2021\/11\/Bildschirmfoto-2021-11-13-um-12.33.39-768x667.png 768w\" sizes=\"auto, (max-width: 820px) 100vw, 820px\" \/><\/p>\n<h4 style=\"text-align: center;\"><strong>SELBER GEIMPFT<\/strong><\/h4>\n<p><em>&#8222;Jeder muss selbst in den Spiegel schauen und f\u00fcr sich beantworten, ob er alles daf\u00fcr getan hat, sich und seine Liebsten bestm\u00f6glich zu sch\u00fctzen. Denn es gibt keine Impfpflicht, jeder hat die Wahl&#8220;<\/em><\/p>\n<h4 style=\"text-align: center;\"><strong>HIER DIE QUELLE<\/strong><\/h4>\n<blockquote class=\"twitter-tweet\">\n<p dir=\"ltr\" lang=\"de\">Ilkay <a href=\"https:\/\/twitter.com\/hashtag\/G%C3%BCndogan?src=hash&amp;ref_src=twsrc%5Etfw\">#G\u00fcndogan<\/a> erkl\u00e4rt: Warum ich mich impfen lassen habe &#8211; und was sich unter Hansi <a href=\"https:\/\/twitter.com\/hashtag\/Flick?src=hash&amp;ref_src=twsrc%5Etfw\">#Flick<\/a> ver\u00e4ndert hat <a href=\"https:\/\/twitter.com\/hashtag\/DFB?src=hash&amp;ref_src=twsrc%5Etfw\">#DFB<\/a> <a href=\"https:\/\/twitter.com\/hashtag\/DFBTeam?src=hash&amp;ref_src=twsrc%5Etfw\">#DFBTeam<\/a> <a href=\"https:\/\/twitter.com\/hashtag\/ManCity?src=hash&amp;ref_src=twsrc%5Etfw\">#ManCity<\/a><\/p>\n<p>\u27a1\ufe0f<a href=\"https:\/\/t.co\/KOJWo50kmp\">https:\/\/t.co\/KOJWo50kmp<\/a> <a href=\"https:\/\/t.co\/h2mzT3RqWc\">pic.twitter.com\/h2mzT3RqWc<\/a><\/p>\n<p>\u2014 Der SPORTBUZZER (@Sportbuzzer) <a href=\"https:\/\/twitter.com\/Sportbuzzer\/status\/1459402254939791361?ref_src=twsrc%5Etfw\">November 13, 2021<\/a><\/p><\/blockquote>\n<p><script async src=\"https:\/\/platform.twitter.com\/widgets.js\" charset=\"utf-8\"><\/script><\/p>\n","protected":false},"excerpt":{"rendered":"<p>Seit Wochen wird \u00fcber seinen Fall in Deutschland diskutiert. Doch jetzt k\u00f6nnte die gro\u00dfe Wende bevorstehen. Ein Kollege glaubt: Joshua Kimmich wird sich bald impfen lassen&#8230;. G\u00dcNDOGAN &#8222;Ich glaube, dass auch der Zeitpunkt kommen wird, an dem sich Jo impfen lassen wird. Das hat er ja ganz bewusst f\u00fcr die Zukunft auch nicht ausgeschlossen&#8220; SELBER [&hellip;]<\/p>\n","protected":false},"author":1,"featured_media":265480,"comment_status":"open","ping_status":"open","sticky":false,"template":"","format":"standard","meta":{"footnotes":""},"categories":[1],"tags":[],"class_list":["post-265479","post","type-post","status-publish","format-standard","has-post-thumbnail","hentry","category-allgemein"],"publishpress_future_action":{"enabled":false,"date":"1970-01-01 00:00:00","action":"","terms":[],"taxonomy":"","browser_timezone_offset":0},"featured_media_src_url":"https:\/\/90x.deinupdate.de\/wp-content\/uploads\/2021\/11\/Bildschirmfoto-2021-11-13-um-12.29.54.png","acf":{"enable_amazon_playlist_tag_matching":true,"voting_title":"L\u00c4SST SICH KIMMICH IMPFEN?","voting_items":[{"title":"Ganz bestimmt!","image":"https:\/\/90x.deinupdate.de\/wp-content\/uploads\/2021\/11\/Bildschirmfoto-2021-11-13-um-12.37.32.png"},{"title":"Glaube eher nicht!","image":"https:\/\/90x.deinupdate.de\/wp-content\/uploads\/2021\/11\/Bildschirmfoto-2021-11-13-um-12.37.17.png"}],"add_smiley_voting":true},"_links":{"self":[{"href":"https:\/\/90x.deinupdate.de\/index.php?rest_route=\/wp\/v2\/posts\/265479","targetHints":{"allow":["GET"]}}],"collection":[{"href":"https:\/\/90x.deinupdate.de\/index.php?rest_route=\/wp\/v2\/posts"}],"about":[{"href":"https:\/\/90x.deinupdate.de\/index.php?rest_route=\/wp\/v2\/types\/post"}],"author":[{"embeddable":true,"href":"https:\/\/90x.deinupdate.de\/index.php?rest_route=\/wp\/v2\/users\/1"}],"replies":[{"embeddable":true,"href":"https:\/\/90x.deinupdate.de\/index.php?rest_route=%2Fwp%2Fv2%2Fcomments&post=265479"}],"version-history":[{"count":3,"href":"https:\/\/90x.deinupdate.de\/index.php?rest_route=\/wp\/v2\/posts\/265479\/revisions"}],"predecessor-version":[{"id":265519,"href":"https:\/\/90x.deinupdate.de\/index.php?rest_route=\/wp\/v2\/posts\/265479\/revisions\/265519"}],"wp:featuredmedia":[{"embeddable":true,"href":"https:\/\/90x.deinupdate.de\/index.php?rest_route=\/wp\/v2\/media\/265480"}],"wp:attachment":[{"href":"https:\/\/90x.deinupdate.de\/index.php?rest_route=%2Fwp%2Fv2%2Fmedia&parent=265479"}],"wp:term":[{"taxonomy":"category","embeddable":true,"href":"https:\/\/90x.deinupdate.de\/index.php?rest_route=%2Fwp%2Fv2%2Fcategories&post=265479"},{"taxonomy":"post_tag","embeddable":true,"href":"https:\/\/90x.deinupdate.de\/index.php?rest_route=%2Fwp%2Fv2%2Ftags&post=265479"}],"curies":[{"name":"wp","href":"https:\/\/api.w.org\/{rel}","templated":true}]}}