{"id":262727,"date":"2021-11-05T15:51:10","date_gmt":"2021-11-05T15:51:10","guid":{"rendered":"https:\/\/www.deinupdate.de\/?p=262727"},"modified":"2021-11-05T16:05:53","modified_gmt":"2021-11-05T16:05:53","slug":"kimmich-ungeimpft-das-sagt-jetzt-hansi-flick","status":"publish","type":"post","link":"https:\/\/90x.deinupdate.de\/?p=262727","title":{"rendered":"Kimmich ungeimpft: DAS sagt jetzt Hansi Flick!"},"content":{"rendered":"<p>Der Bayern-Star will sich bisher nicht gegen Corona impfen lassen. Das sorgt seit Wochen f\u00fcr Diskussionen. Jetzt spricht sein Trainer bei der National-Mannschaft!<\/p>\n<h4 style=\"text-align: center;\"><strong>INTERVIEW<\/strong><\/h4>\n<p><em>&#8222;F\u00fcr mich werden Grenzen \u00fcberschritten, wenn Menschen beleidigt und in eine bestimmte Ecke gestellt werden, in die sie nicht geh\u00f6ren. Auch wenn Jo nicht geimpft ist, ist er kein Corona-Leugner. Er geh\u00f6rt nicht zu Verschw\u00f6rungstheoretikern. Wer Jo kennt, der wei\u00df, wie er tickt.<\/em><\/p>\n<p><img loading=\"lazy\" decoding=\"async\" class=\"alignnone size-full wp-image-262216\" src=\"https:\/\/www.deinupdate.de\/wp-content\/uploads\/2021\/11\/Bildschirmfoto-2021-11-03-um-21.17.26.png\" alt=\"\" width=\"814\" height=\"558\" srcset=\"https:\/\/90x.deinupdate.de\/wp-content\/uploads\/2021\/11\/Bildschirmfoto-2021-11-03-um-21.17.26.png 814w, https:\/\/90x.deinupdate.de\/wp-content\/uploads\/2021\/11\/Bildschirmfoto-2021-11-03-um-21.17.26-300x206.png 300w, https:\/\/90x.deinupdate.de\/wp-content\/uploads\/2021\/11\/Bildschirmfoto-2021-11-03-um-21.17.26-768x526.png 768w\" sizes=\"auto, (max-width: 814px) 100vw, 814px\" \/><\/p>\n<h4 style=\"text-align: center;\"><strong>BEIM DFB<\/strong><\/h4>\n<p><em>Er hat noch immer einige Fragezeichen, eben weil er alles ganz genau wissen will. Aber er geh\u00f6rt nicht an den Pranger und die Debatte ist nicht spurlos an ihm vorbeigegangen.\u00a0Mit den DFB-Spielern werde ich das Thema aber noch mal aufgreifen. Das wird nicht nur vor der versammelten Mannschaft, sondern auch im Einzelgespr\u00e4ch, ganz pers\u00f6nlich geschehen&#8220;<\/em><\/p>\n<h4 style=\"text-align: center;\"><strong>HIER DIE QUELLE<\/strong><\/h4>\n<blockquote class=\"twitter-tweet\">\n<p dir=\"ltr\" lang=\"de\">Bundestrainer Hansi <a href=\"https:\/\/twitter.com\/hashtag\/Flick?src=hash&amp;ref_src=twsrc%5Etfw\">#Flick<\/a> spricht im gro\u00dfen F.A.Z.-Interview \u00fcber die Wucht der Impf-Debatte um Joshua <a href=\"https:\/\/twitter.com\/hashtag\/Kimmich?src=hash&amp;ref_src=twsrc%5Etfw\">#Kimmich<\/a>, meinungsstarke Nationalspieler vom <a href=\"https:\/\/twitter.com\/DFB_Team?ref_src=twsrc%5Etfw\">@DFB_Team<\/a> als Vorbilder \u2013 und Erwartungen, die nicht zu erf\u00fcllen sind. <a href=\"https:\/\/twitter.com\/hashtag\/GERLIE?src=hash&amp;ref_src=twsrc%5Etfw\">#GERLIE<\/a> <a href=\"https:\/\/twitter.com\/hashtag\/ARMGER?src=hash&amp;ref_src=twsrc%5Etfw\">#ARMGER<\/a> <a href=\"https:\/\/t.co\/lYlilnj4Ql\">https:\/\/t.co\/lYlilnj4Ql<\/a><\/p>\n<p>\u2014 FAZ Sport (@FAZ_Sport) <a href=\"https:\/\/twitter.com\/FAZ_Sport\/status\/1456626316388753413?ref_src=twsrc%5Etfw\">November 5, 2021<\/a><\/p><\/blockquote>\n<p><script async src=\"https:\/\/platform.twitter.com\/widgets.js\" charset=\"utf-8\"><\/script><\/p>\n","protected":false},"excerpt":{"rendered":"<p>Der Bayern-Star will sich bisher nicht gegen Corona impfen lassen. Das sorgt seit Wochen f\u00fcr Diskussionen. Jetzt spricht sein Trainer bei der National-Mannschaft! INTERVIEW &#8222;F\u00fcr mich werden Grenzen \u00fcberschritten, wenn Menschen beleidigt und in eine bestimmte Ecke gestellt werden, in die sie nicht geh\u00f6ren. Auch wenn Jo nicht geimpft ist, ist er kein Corona-Leugner. Er [&hellip;]<\/p>\n","protected":false},"author":1,"featured_media":262728,"comment_status":"open","ping_status":"open","sticky":false,"template":"","format":"standard","meta":{"footnotes":""},"categories":[1],"tags":[],"class_list":["post-262727","post","type-post","status-publish","format-standard","has-post-thumbnail","hentry","category-allgemein"],"publishpress_future_action":{"enabled":false,"date":"1970-01-01 00:00:00","action":"","terms":[],"taxonomy":"","browser_timezone_offset":0},"featured_media_src_url":"https:\/\/90x.deinupdate.de\/wp-content\/uploads\/2021\/11\/Bildschirmfoto-2021-11-05-um-16.42.57.png","acf":{"enable_amazon_playlist_tag_matching":true,"voting_title":"DEINE MEINUNG?","voting_items":[{"title":"Ich verstehe Kimmich!","image":"https:\/\/90x.deinupdate.de\/wp-content\/uploads\/2021\/11\/Bildschirmfoto-2021-11-05-um-16.42.57.png"},{"title":"Er soll sich impfen lassen!","image":"https:\/\/90x.deinupdate.de\/wp-content\/uploads\/2021\/11\/Bildschirmfoto-2021-11-03-um-21.17.26.png"}]},"_links":{"self":[{"href":"https:\/\/90x.deinupdate.de\/index.php?rest_route=\/wp\/v2\/posts\/262727","targetHints":{"allow":["GET"]}}],"collection":[{"href":"https:\/\/90x.deinupdate.de\/index.php?rest_route=\/wp\/v2\/posts"}],"about":[{"href":"https:\/\/90x.deinupdate.de\/index.php?rest_route=\/wp\/v2\/types\/post"}],"author":[{"embeddable":true,"href":"https:\/\/90x.deinupdate.de\/index.php?rest_route=\/wp\/v2\/users\/1"}],"replies":[{"embeddable":true,"href":"https:\/\/90x.deinupdate.de\/index.php?rest_route=%2Fwp%2Fv2%2Fcomments&post=262727"}],"version-history":[{"count":2,"href":"https:\/\/90x.deinupdate.de\/index.php?rest_route=\/wp\/v2\/posts\/262727\/revisions"}],"predecessor-version":[{"id":262743,"href":"https:\/\/90x.deinupdate.de\/index.php?rest_route=\/wp\/v2\/posts\/262727\/revisions\/262743"}],"wp:featuredmedia":[{"embeddable":true,"href":"https:\/\/90x.deinupdate.de\/index.php?rest_route=\/wp\/v2\/media\/262728"}],"wp:attachment":[{"href":"https:\/\/90x.deinupdate.de\/index.php?rest_route=%2Fwp%2Fv2%2Fmedia&parent=262727"}],"wp:term":[{"taxonomy":"category","embeddable":true,"href":"https:\/\/90x.deinupdate.de\/index.php?rest_route=%2Fwp%2Fv2%2Fcategories&post=262727"},{"taxonomy":"post_tag","embeddable":true,"href":"https:\/\/90x.deinupdate.de\/index.php?rest_route=%2Fwp%2Fv2%2Ftags&post=262727"}],"curies":[{"name":"wp","href":"https:\/\/api.w.org\/{rel}","templated":true}]}}