{"id":262462,"date":"2021-11-04T17:45:22","date_gmt":"2021-11-04T17:45:22","guid":{"rendered":"https:\/\/www.deinupdate.de\/?p=262462"},"modified":"2021-11-04T17:51:35","modified_gmt":"2021-11-04T17:51:35","slug":"eil-der-naechste-corona-hammer","status":"publish","type":"post","link":"https:\/\/90x.deinupdate.de\/?p=262462","title":{"rendered":"Der n\u00e4chste Corona-Hammer!"},"content":{"rendered":"<p>Die Zahlen steigen, die Ma\u00dfnahmen werden sch\u00e4rfer. Jetzt kommt das n\u00e4chste Corona-Hammer, denn in der Gesellschaft hat sich etwas an der Meinung zu einem heiss diskutierten Thema getan&#8230;<\/p>\n<h4 style=\"text-align: center;\"><strong>IMPFPFLICHT<\/strong><\/h4>\n<p>Die Mehrheit der Deutschen spricht sich laut einer neuen Umfrage von Infratest Dimap mittlerweile f\u00fcr eine Impf-Pflicht aus. Rund 57 (!) Prozent bef\u00fcrworten dass sich JEDER im Land impfen lassen muss.<\/p>\n<p>Nur noch 39 Prozent sind dagegen.<\/p>\n<p><img loading=\"lazy\" decoding=\"async\" class=\"alignnone size-full wp-image-262335\" src=\"https:\/\/www.deinupdate.de\/wp-content\/uploads\/2021\/11\/Bildschirmfoto-2021-11-04-um-14.22.37.png\" alt=\"\" width=\"896\" height=\"596\" srcset=\"https:\/\/90x.deinupdate.de\/wp-content\/uploads\/2021\/11\/Bildschirmfoto-2021-11-04-um-14.22.37.png 896w, https:\/\/90x.deinupdate.de\/wp-content\/uploads\/2021\/11\/Bildschirmfoto-2021-11-04-um-14.22.37-300x200.png 300w, https:\/\/90x.deinupdate.de\/wp-content\/uploads\/2021\/11\/Bildschirmfoto-2021-11-04-um-14.22.37-768x511.png 768w\" sizes=\"auto, (max-width: 896px) 100vw, 896px\" \/><\/p>\n<h4 style=\"text-align: center;\"><strong>ENTWICKLUNG<\/strong><\/h4>\n<p>Im August waren es noch 46 Prozent die sich f\u00fcr eine Impfpflicht ausgesprochen haben. Das Anteil jener, die eine Impfpflicht bef\u00fcrworten, steigt also deutlich.<\/p>\n<h4 style=\"text-align: center;\"><strong>HIER DIE QUELLE<\/strong><\/h4>\n<blockquote class=\"twitter-tweet\">\n<p dir=\"ltr\" lang=\"de\">ARD-DeutschlandTrend: Mehrheit der Deutschen f\u00fcr Impfpflicht <a href=\"https:\/\/t.co\/VMc1ppxHOQ\">https:\/\/t.co\/VMc1ppxHOQ<\/a> <a href=\"https:\/\/twitter.com\/hashtag\/DeutschlandTrend?src=hash&amp;ref_src=twsrc%5Etfw\">#DeutschlandTrend<\/a> <a href=\"https:\/\/twitter.com\/hashtag\/Umfrage?src=hash&amp;ref_src=twsrc%5Etfw\">#Umfrage<\/a> <a href=\"https:\/\/twitter.com\/hashtag\/Sonntagsfrage?src=hash&amp;ref_src=twsrc%5Etfw\">#Sonntagsfrage<\/a><\/p>\n<p>\u2014 tagesschau (@tagesschau) <a href=\"https:\/\/twitter.com\/tagesschau\/status\/1456305446004871169?ref_src=twsrc%5Etfw\">November 4, 2021<\/a><\/p><\/blockquote>\n<p><script async src=\"https:\/\/platform.twitter.com\/widgets.js\" charset=\"utf-8\"><\/script><\/p>\n<p>Ob das Ergebnis unter den DeinUpdate-Nutzern auch so aussieht? Das wollen wir nun im Folgenden sehen! Stimmt ab!<\/p>\n","protected":false},"excerpt":{"rendered":"<p>Die Zahlen steigen, die Ma\u00dfnahmen werden sch\u00e4rfer. Jetzt kommt das n\u00e4chste Corona-Hammer, denn in der Gesellschaft hat sich etwas an der Meinung zu einem heiss diskutierten Thema getan&#8230; IMPFPFLICHT Die Mehrheit der Deutschen spricht sich laut einer neuen Umfrage von Infratest Dimap mittlerweile f\u00fcr eine Impf-Pflicht aus. Rund 57 (!) Prozent bef\u00fcrworten dass sich JEDER [&hellip;]<\/p>\n","protected":false},"author":1,"featured_media":262465,"comment_status":"open","ping_status":"open","sticky":false,"template":"","format":"standard","meta":{"footnotes":""},"categories":[1],"tags":[],"class_list":["post-262462","post","type-post","status-publish","format-standard","has-post-thumbnail","hentry","category-allgemein"],"publishpress_future_action":{"enabled":false,"date":"1970-01-01 00:00:00","action":"","terms":[],"taxonomy":"","browser_timezone_offset":0},"featured_media_src_url":"https:\/\/90x.deinupdate.de\/wp-content\/uploads\/2021\/11\/Bildschirmfoto-2021-11-04-um-18.38.59.png","acf":{"enable_amazon_playlist_tag_matching":true,"voting_title":"ICH BIN...","voting_items":[{"title":"F\u00dcR eine Impfpflicht!","image":"https:\/\/90x.deinupdate.de\/wp-content\/uploads\/2021\/11\/Bildschirmfoto-2021-11-04-um-18.39.25.png"},{"title":"GEGEN eine Impfpflicht!","image":"https:\/\/90x.deinupdate.de\/wp-content\/uploads\/2021\/11\/Bildschirmfoto-2021-11-04-um-18.39.09.png"}]},"_links":{"self":[{"href":"https:\/\/90x.deinupdate.de\/index.php?rest_route=\/wp\/v2\/posts\/262462","targetHints":{"allow":["GET"]}}],"collection":[{"href":"https:\/\/90x.deinupdate.de\/index.php?rest_route=\/wp\/v2\/posts"}],"about":[{"href":"https:\/\/90x.deinupdate.de\/index.php?rest_route=\/wp\/v2\/types\/post"}],"author":[{"embeddable":true,"href":"https:\/\/90x.deinupdate.de\/index.php?rest_route=\/wp\/v2\/users\/1"}],"replies":[{"embeddable":true,"href":"https:\/\/90x.deinupdate.de\/index.php?rest_route=%2Fwp%2Fv2%2Fcomments&post=262462"}],"version-history":[{"count":4,"href":"https:\/\/90x.deinupdate.de\/index.php?rest_route=\/wp\/v2\/posts\/262462\/revisions"}],"predecessor-version":[{"id":262472,"href":"https:\/\/90x.deinupdate.de\/index.php?rest_route=\/wp\/v2\/posts\/262462\/revisions\/262472"}],"wp:featuredmedia":[{"embeddable":true,"href":"https:\/\/90x.deinupdate.de\/index.php?rest_route=\/wp\/v2\/media\/262465"}],"wp:attachment":[{"href":"https:\/\/90x.deinupdate.de\/index.php?rest_route=%2Fwp%2Fv2%2Fmedia&parent=262462"}],"wp:term":[{"taxonomy":"category","embeddable":true,"href":"https:\/\/90x.deinupdate.de\/index.php?rest_route=%2Fwp%2Fv2%2Fcategories&post=262462"},{"taxonomy":"post_tag","embeddable":true,"href":"https:\/\/90x.deinupdate.de\/index.php?rest_route=%2Fwp%2Fv2%2Ftags&post=262462"}],"curies":[{"name":"wp","href":"https:\/\/api.w.org\/{rel}","templated":true}]}}