{"id":261532,"date":"2021-11-02T10:50:38","date_gmt":"2021-11-02T10:50:38","guid":{"rendered":"https:\/\/www.deinupdate.de\/?p=261532"},"modified":"2021-11-02T11:07:15","modified_gmt":"2021-11-02T11:07:15","slug":"eil-naechste-woche","status":"publish","type":"post","link":"https:\/\/90x.deinupdate.de\/?p=261532","title":{"rendered":"N\u00c4CHSTE WOCHE!"},"content":{"rendered":"<p>Der letzte Termin ist bereits Monate her. Millionen in Deutschland hatten gehofft, dass so ein Treffen nicht mehr n\u00f6tig ist. Doch die letzten Tage zeigen: Es geht wohl nicht anders&#8230;<\/p>\n<h4 style=\"text-align: center;\"><strong>MPK<\/strong><\/h4>\n<p>Gibt es schon n\u00e4chste Woche wieder eine Ministerpr\u00e4sidenten-Konferenz zum Thema Corona? Ein Treffen, bei dem die Chefs der 16 Bundesl\u00e4nder neue Ma\u00dfnahmen gegen den Virus beschlie\u00dfen?<\/p>\n<p>Die steigenden Neuinfektions-Zahlen machen es n\u00f6tig, so ein Top-Politiker!<\/p>\n<p><img loading=\"lazy\" decoding=\"async\" class=\"alignnone size-full wp-image-261538\" src=\"https:\/\/www.deinupdate.de\/wp-content\/uploads\/2021\/11\/Bildschirmfoto-2021-11-02-um-11.42.57.png\" alt=\"\" width=\"656\" height=\"434\" srcset=\"https:\/\/90x.deinupdate.de\/wp-content\/uploads\/2021\/11\/Bildschirmfoto-2021-11-02-um-11.42.57.png 656w, https:\/\/90x.deinupdate.de\/wp-content\/uploads\/2021\/11\/Bildschirmfoto-2021-11-02-um-11.42.57-300x198.png 300w\" sizes=\"auto, (max-width: 656px) 100vw, 656px\" \/><\/p>\n<h4 style=\"text-align: center;\"><strong>HENDRIK W\u00dcST<\/strong><\/h4>\n<p><em>&#8222;Es ist in Deutschland ein klares Muster erkennbar. Wo weniger geimpft wurde, kann das Virus leichter um sich greifen. Daher braucht es nun eine gemeinsam abgestimmte Booster-Strategie&#8220;<\/em><\/p>\n<p>Das sagt der Nachfolger von Armin Laschet und neue Landeschef von NRW. Gibt es bei der MPK auch Gespr\u00e4che \u00fcber einen neuen Lockdown? Klares Nein, das sagen bisher alle beteiligten Politiker!<\/p>\n<p>Mal sehen, ob und wann es den entscheidenden Termin genau gibt&#8230;<\/p>\n<h4 style=\"text-align: center;\"><strong>HIER DIE QUELLE<\/strong><\/h4>\n<blockquote class=\"twitter-tweet\">\n<p dir=\"ltr\" lang=\"de\">NRW-Chef macht Druck &#8211; N\u00e4chster Corona-Gipfel schon kommende Woche? <a href=\"https:\/\/t.co\/ETOQ0L5AkJ\">https:\/\/t.co\/ETOQ0L5AkJ<\/a><\/p>\n<p>\u2014 BILD (@BILD) <a href=\"https:\/\/twitter.com\/BILD\/status\/1455465906700705797?ref_src=twsrc%5Etfw\">November 2, 2021<\/a><\/p><\/blockquote>\n<p><script async src=\"https:\/\/platform.twitter.com\/widgets.js\" charset=\"utf-8\"><\/script><\/p>\n","protected":false},"excerpt":{"rendered":"<p>Der letzte Termin ist bereits Monate her. Millionen in Deutschland hatten gehofft, dass so ein Treffen nicht mehr n\u00f6tig ist. Doch die letzten Tage zeigen: Es geht wohl nicht anders&#8230; MPK Gibt es schon n\u00e4chste Woche wieder eine Ministerpr\u00e4sidenten-Konferenz zum Thema Corona? Ein Treffen, bei dem die Chefs der 16 Bundesl\u00e4nder neue Ma\u00dfnahmen gegen den [&hellip;]<\/p>\n","protected":false},"author":1,"featured_media":261537,"comment_status":"open","ping_status":"open","sticky":false,"template":"","format":"standard","meta":{"footnotes":""},"categories":[1],"tags":[],"class_list":["post-261532","post","type-post","status-publish","format-standard","has-post-thumbnail","hentry","category-allgemein"],"publishpress_future_action":{"enabled":false,"date":"1970-01-01 00:00:00","action":"","terms":[],"taxonomy":"","browser_timezone_offset":0},"featured_media_src_url":"https:\/\/90x.deinupdate.de\/wp-content\/uploads\/2021\/11\/Bildschirmfoto-2021-11-02-um-11.42.16.png","acf":{"enable_amazon_playlist_tag_matching":true,"voting_title":"KOMMEN NEUE MA\u00dfNAHMEN?","voting_items":[{"title":"Ganz sicher!","image":"https:\/\/90x.deinupdate.de\/wp-content\/uploads\/2021\/11\/Bildschirmfoto-2021-11-02-um-11.42.16.png"},{"title":"Glaube ich nicht!","image":"https:\/\/90x.deinupdate.de\/wp-content\/uploads\/2021\/11\/Bildschirmfoto-2021-11-01-um-17.37.29.png"}]},"_links":{"self":[{"href":"https:\/\/90x.deinupdate.de\/index.php?rest_route=\/wp\/v2\/posts\/261532","targetHints":{"allow":["GET"]}}],"collection":[{"href":"https:\/\/90x.deinupdate.de\/index.php?rest_route=\/wp\/v2\/posts"}],"about":[{"href":"https:\/\/90x.deinupdate.de\/index.php?rest_route=\/wp\/v2\/types\/post"}],"author":[{"embeddable":true,"href":"https:\/\/90x.deinupdate.de\/index.php?rest_route=\/wp\/v2\/users\/1"}],"replies":[{"embeddable":true,"href":"https:\/\/90x.deinupdate.de\/index.php?rest_route=%2Fwp%2Fv2%2Fcomments&post=261532"}],"version-history":[{"count":3,"href":"https:\/\/90x.deinupdate.de\/index.php?rest_route=\/wp\/v2\/posts\/261532\/revisions"}],"predecessor-version":[{"id":261564,"href":"https:\/\/90x.deinupdate.de\/index.php?rest_route=\/wp\/v2\/posts\/261532\/revisions\/261564"}],"wp:featuredmedia":[{"embeddable":true,"href":"https:\/\/90x.deinupdate.de\/index.php?rest_route=\/wp\/v2\/media\/261537"}],"wp:attachment":[{"href":"https:\/\/90x.deinupdate.de\/index.php?rest_route=%2Fwp%2Fv2%2Fmedia&parent=261532"}],"wp:term":[{"taxonomy":"category","embeddable":true,"href":"https:\/\/90x.deinupdate.de\/index.php?rest_route=%2Fwp%2Fv2%2Fcategories&post=261532"},{"taxonomy":"post_tag","embeddable":true,"href":"https:\/\/90x.deinupdate.de\/index.php?rest_route=%2Fwp%2Fv2%2Ftags&post=261532"}],"curies":[{"name":"wp","href":"https:\/\/api.w.org\/{rel}","templated":true}]}}