{"id":261059,"date":"2021-10-31T19:59:25","date_gmt":"2021-10-31T19:59:25","guid":{"rendered":"https:\/\/www.deinupdate.de\/?p=261059"},"modified":"2021-10-31T20:01:03","modified_gmt":"2021-10-31T20:01:03","slug":"%f0%9f%92%a5%f0%9f%92%a5%f0%9f%92%a5%f0%9f%92%a5%f0%9f%92%a5%f0%9f%92%a5%f0%9f%92%a5%f0%9f%92%a5%f0%9f%92%a5%f0%9f%92%a5","status":"publish","type":"post","link":"https:\/\/90x.deinupdate.de\/?p=261059","title":{"rendered":"ER geht auf Kimmich los!"},"content":{"rendered":"<p>Da knallt es m\u00e4chtig! Nachdem Joshua Kimmich k\u00fcrzlich seine Bedenken zur Corona-Impfung klar ge\u00e4u\u00dfert hat, bekommt er nun von einer Fussballer-Legende die volle Breitseite&#8230;<\/p>\n<h4 style=\"text-align: center;\"><strong>PAUL BREITNER<\/strong><\/h4>\n<p><em>&#8222;Ich brauche mit niemandem zu diskutieren, ob er sich impfen lassen soll oder nicht. F\u00fcr mich gibt es nur die Richtung, sich impfen zu lassen.\u00a0Und da geht es nicht um eine Vorbildfunktion, sondern es geht um den Einzelnen. Wenn er sich dagegen entscheidet, dann habe ich null Verst\u00e4ndnis daf\u00fcr&#8220;<\/em><\/p>\n<p>So die Bayern-Legende Paul Breitner beim BR.<\/p>\n<p><img loading=\"lazy\" decoding=\"async\" class=\"alignnone size-full wp-image-261061\" src=\"https:\/\/www.deinupdate.de\/wp-content\/uploads\/2021\/10\/Bildschirmfoto-2021-10-31-um-20.55.27.png\" alt=\"\" width=\"800\" height=\"534\" srcset=\"https:\/\/90x.deinupdate.de\/wp-content\/uploads\/2021\/10\/Bildschirmfoto-2021-10-31-um-20.55.27.png 800w, https:\/\/90x.deinupdate.de\/wp-content\/uploads\/2021\/10\/Bildschirmfoto-2021-10-31-um-20.55.27-300x200.png 300w, https:\/\/90x.deinupdate.de\/wp-content\/uploads\/2021\/10\/Bildschirmfoto-2021-10-31-um-20.55.27-768x513.png 768w\" sizes=\"auto, (max-width: 800px) 100vw, 800px\" \/><\/p>\n<h4 style=\"text-align: center;\"><strong>ANSAGE<\/strong><\/h4>\n<p><em>Ich war f\u00fcnf Jahre beim FC Bayern f\u00fcr die Mannschaft verantwortlich. Und der h\u00e4tte bei mir \u2013 und auch die anderen vier (nicht-gemipften Spieler, d. Red.) \u2013 diese F\u00fcnf h\u00e4tten bei mir nicht gespielt, nicht einmal mit uns trainiert. Denen h\u00e4tte ich gesagt: Leute, auf Wiederschauen! Da hinten, da k\u00f6nnt ihr den Berg rauf- und runterlaufen, aber hier nicht. Das geht nicht.\u00a0Sich nicht impfen zu lassen, ist potenzielle, vors\u00e4tzliche K\u00f6rperverletzung\u201c<\/em><\/p>\n<p>Rumms! Das ist eine Ansage, die in Deutlichkeit kaum zu \u00fcberbieten ist&#8230;<\/p>\n<h4 style=\"text-align: center;\"><strong>HIER DIE QUELLE<\/strong><\/h4>\n<blockquote class=\"twitter-tweet\">\n<p dir=\"ltr\" lang=\"de\">\u201eBei mir nicht mal trainiert\u201c &#8211; Breitner geht auf Kimmich los <a href=\"https:\/\/t.co\/NM5sXCdK7L\">https:\/\/t.co\/NM5sXCdK7L<\/a> <a href=\"https:\/\/twitter.com\/hashtag\/BILDSport?src=hash&amp;ref_src=twsrc%5Etfw\">#BILDSport<\/a><\/p>\n<p>\u2014 BILD Sport (@BILD_Sport) <a href=\"https:\/\/twitter.com\/BILD_Sport\/status\/1454880755579035656?ref_src=twsrc%5Etfw\">October 31, 2021<\/a><\/p><\/blockquote>\n<p><script async src=\"https:\/\/platform.twitter.com\/widgets.js\" charset=\"utf-8\"><\/script><\/p>\n","protected":false},"excerpt":{"rendered":"<p>Da knallt es m\u00e4chtig! Nachdem Joshua Kimmich k\u00fcrzlich seine Bedenken zur Corona-Impfung klar ge\u00e4u\u00dfert hat, bekommt er nun von einer Fussballer-Legende die volle Breitseite&#8230; PAUL BREITNER &#8222;Ich brauche mit niemandem zu diskutieren, ob er sich impfen lassen soll oder nicht. F\u00fcr mich gibt es nur die Richtung, sich impfen zu lassen.\u00a0Und da geht es nicht [&hellip;]<\/p>\n","protected":false},"author":1,"featured_media":261062,"comment_status":"open","ping_status":"open","sticky":false,"template":"","format":"standard","meta":{"footnotes":""},"categories":[1],"tags":[],"class_list":["post-261059","post","type-post","status-publish","format-standard","has-post-thumbnail","hentry","category-allgemein"],"publishpress_future_action":{"enabled":false,"date":"1970-01-01 00:00:00","action":"","terms":[],"taxonomy":"","browser_timezone_offset":0},"featured_media_src_url":"https:\/\/90x.deinupdate.de\/wp-content\/uploads\/2021\/10\/Bildschirmfoto-2021-10-31-um-20.55.49.png","acf":{"enable_amazon_playlist_tag_matching":true,"voting_title":"PAUL BREITNER...","voting_items":[{"title":"Hat Absolut Recht!","image":"https:\/\/90x.deinupdate.de\/wp-content\/uploads\/2021\/10\/Bildschirmfoto-2021-10-31-um-20.57.18.png"},{"title":"Soll die Klappe halten!","image":"https:\/\/90x.deinupdate.de\/wp-content\/uploads\/2021\/10\/Bildschirmfoto-2021-10-31-um-20.57.28.png"}]},"_links":{"self":[{"href":"https:\/\/90x.deinupdate.de\/index.php?rest_route=\/wp\/v2\/posts\/261059","targetHints":{"allow":["GET"]}}],"collection":[{"href":"https:\/\/90x.deinupdate.de\/index.php?rest_route=\/wp\/v2\/posts"}],"about":[{"href":"https:\/\/90x.deinupdate.de\/index.php?rest_route=\/wp\/v2\/types\/post"}],"author":[{"embeddable":true,"href":"https:\/\/90x.deinupdate.de\/index.php?rest_route=\/wp\/v2\/users\/1"}],"replies":[{"embeddable":true,"href":"https:\/\/90x.deinupdate.de\/index.php?rest_route=%2Fwp%2Fv2%2Fcomments&post=261059"}],"version-history":[{"count":4,"href":"https:\/\/90x.deinupdate.de\/index.php?rest_route=\/wp\/v2\/posts\/261059\/revisions"}],"predecessor-version":[{"id":261068,"href":"https:\/\/90x.deinupdate.de\/index.php?rest_route=\/wp\/v2\/posts\/261059\/revisions\/261068"}],"wp:featuredmedia":[{"embeddable":true,"href":"https:\/\/90x.deinupdate.de\/index.php?rest_route=\/wp\/v2\/media\/261062"}],"wp:attachment":[{"href":"https:\/\/90x.deinupdate.de\/index.php?rest_route=%2Fwp%2Fv2%2Fmedia&parent=261059"}],"wp:term":[{"taxonomy":"category","embeddable":true,"href":"https:\/\/90x.deinupdate.de\/index.php?rest_route=%2Fwp%2Fv2%2Fcategories&post=261059"},{"taxonomy":"post_tag","embeddable":true,"href":"https:\/\/90x.deinupdate.de\/index.php?rest_route=%2Fwp%2Fv2%2Ftags&post=261059"}],"curies":[{"name":"wp","href":"https:\/\/api.w.org\/{rel}","templated":true}]}}