{"id":260139,"date":"2021-10-28T13:54:52","date_gmt":"2021-10-28T13:54:52","guid":{"rendered":"https:\/\/www.deinupdate.de\/?p=260139"},"modified":"2021-10-28T14:05:03","modified_gmt":"2021-10-28T14:05:03","slug":"eil-erstes-bundesland-verschaerft-corona-regeln","status":"publish","type":"post","link":"https:\/\/90x.deinupdate.de\/?p=260139","title":{"rendered":"Erstes Bundesland versch\u00e4rft Corona-Regeln!"},"content":{"rendered":"<p>Die Corona-Zahlen in Deutschland steigen und steigen, am Donnerstag werden fast 30.000 Neuinfektionen gemeldet. Jetzt reagiert das erste Bundesland \u2013 es gibt wieder h\u00e4rtere Regeln!<\/p>\n<h4 style=\"text-align: center;\"><strong>BAYERN<\/strong><\/h4>\n<p>Soeben verk\u00fcndet es Landeschef Markus S\u00f6der: Im s\u00fcdlichsten Bundesland sollen die Ma\u00dfnahmen gegen den Virus wieder versch\u00e4rft werden. In der n\u00e4chsten Woche soll der offizielle Beschluss der Politik dazu kommen.<\/p>\n<p>Besonders betroffen: Sch\u00fcler! Nach Ende der Herbstferien am 8. November kommt die Maskenpflicht im Klassenzimmer zur\u00fcck&#8230;<\/p>\n<p><img loading=\"lazy\" decoding=\"async\" class=\"alignnone size-full wp-image-260140\" src=\"https:\/\/www.deinupdate.de\/wp-content\/uploads\/2021\/10\/Bildschirmfoto-2021-10-28-um-15.45.35.png\" alt=\"\" width=\"528\" height=\"350\" srcset=\"https:\/\/90x.deinupdate.de\/wp-content\/uploads\/2021\/10\/Bildschirmfoto-2021-10-28-um-15.45.35.png 528w, https:\/\/90x.deinupdate.de\/wp-content\/uploads\/2021\/10\/Bildschirmfoto-2021-10-28-um-15.45.35-300x199.png 300w\" sizes=\"auto, (max-width: 528px) 100vw, 528px\" \/><\/p>\n<h4 style=\"text-align: center;\"><strong>KEIN LOCKDOWN<\/strong><\/h4>\n<p>Weitere geplante Ma\u00dfnahmen: Mehr 3Gplus und h\u00e4ufig 2G. Die so genannte Klinikampel wird au\u00dferdem regionalisiert und wohl schon n\u00e4chste Woche scharf gestellt.<\/p>\n<p>Aber: Es wird keinen Lockdown mehr geben, auch nicht f\u00fcr Ungeimpfte, so Markus S\u00f6der!<\/p>\n<p>Mal sehen, was die anderen Bundesl\u00e4nder machen&#8230;<\/p>\n<h4 style=\"text-align: center;\"><strong>HIER SEHT IHR ES<\/strong><\/h4>\n<blockquote class=\"twitter-tweet\">\n<p dir=\"ltr\" lang=\"de\">Bayern will Corona-Ma\u00dfnahmen doch versch\u00e4rfen. Maskenpflicht an Schulen nach Herbstferien. Mehr 3Gplus und h\u00e4ufig 2G. Klinikampel wird wohl regionalisiert und evtl. n\u00e4chste Woche scharf gestellt. (1\/2)<\/p>\n<p>\u2014 Christian Deutschl\u00e4nder (@CDeutschlaender) <a href=\"https:\/\/twitter.com\/CDeutschlaender\/status\/1453714628094070790?ref_src=twsrc%5Etfw\">October 28, 2021<\/a><\/p><\/blockquote>\n<p><script async src=\"https:\/\/platform.twitter.com\/widgets.js\" charset=\"utf-8\"><\/script><\/p>\n","protected":false},"excerpt":{"rendered":"<p>Die Corona-Zahlen in Deutschland steigen und steigen, am Donnerstag werden fast 30.000 Neuinfektionen gemeldet. Jetzt reagiert das erste Bundesland \u2013 es gibt wieder h\u00e4rtere Regeln! BAYERN Soeben verk\u00fcndet es Landeschef Markus S\u00f6der: Im s\u00fcdlichsten Bundesland sollen die Ma\u00dfnahmen gegen den Virus wieder versch\u00e4rft werden. In der n\u00e4chsten Woche soll der offizielle Beschluss der Politik dazu [&hellip;]<\/p>\n","protected":false},"author":1,"featured_media":260141,"comment_status":"open","ping_status":"open","sticky":false,"template":"","format":"standard","meta":{"footnotes":""},"categories":[1],"tags":[],"class_list":["post-260139","post","type-post","status-publish","format-standard","has-post-thumbnail","hentry","category-allgemein"],"publishpress_future_action":{"enabled":false,"date":"1970-01-01 00:00:00","action":"","terms":[],"taxonomy":"","browser_timezone_offset":0},"featured_media_src_url":"https:\/\/90x.deinupdate.de\/wp-content\/uploads\/2021\/10\/Bildschirmfoto-2021-10-28-um-15.44.57.png","acf":{"enable_amazon_playlist_tag_matching":true},"_links":{"self":[{"href":"https:\/\/90x.deinupdate.de\/index.php?rest_route=\/wp\/v2\/posts\/260139","targetHints":{"allow":["GET"]}}],"collection":[{"href":"https:\/\/90x.deinupdate.de\/index.php?rest_route=\/wp\/v2\/posts"}],"about":[{"href":"https:\/\/90x.deinupdate.de\/index.php?rest_route=\/wp\/v2\/types\/post"}],"author":[{"embeddable":true,"href":"https:\/\/90x.deinupdate.de\/index.php?rest_route=\/wp\/v2\/users\/1"}],"replies":[{"embeddable":true,"href":"https:\/\/90x.deinupdate.de\/index.php?rest_route=%2Fwp%2Fv2%2Fcomments&post=260139"}],"version-history":[{"count":3,"href":"https:\/\/90x.deinupdate.de\/index.php?rest_route=\/wp\/v2\/posts\/260139\/revisions"}],"predecessor-version":[{"id":260153,"href":"https:\/\/90x.deinupdate.de\/index.php?rest_route=\/wp\/v2\/posts\/260139\/revisions\/260153"}],"wp:featuredmedia":[{"embeddable":true,"href":"https:\/\/90x.deinupdate.de\/index.php?rest_route=\/wp\/v2\/media\/260141"}],"wp:attachment":[{"href":"https:\/\/90x.deinupdate.de\/index.php?rest_route=%2Fwp%2Fv2%2Fmedia&parent=260139"}],"wp:term":[{"taxonomy":"category","embeddable":true,"href":"https:\/\/90x.deinupdate.de\/index.php?rest_route=%2Fwp%2Fv2%2Fcategories&post=260139"},{"taxonomy":"post_tag","embeddable":true,"href":"https:\/\/90x.deinupdate.de\/index.php?rest_route=%2Fwp%2Fv2%2Ftags&post=260139"}],"curies":[{"name":"wp","href":"https:\/\/api.w.org\/{rel}","templated":true}]}}