{"id":259846,"date":"2021-10-27T15:51:04","date_gmt":"2021-10-27T15:51:04","guid":{"rendered":"https:\/\/www.deinupdate.de\/?p=259846"},"modified":"2021-10-27T15:55:37","modified_gmt":"2021-10-27T15:55:37","slug":"merkel-besorgt-ueber-anstieg-der-corona-zahlen","status":"publish","type":"post","link":"https:\/\/90x.deinupdate.de\/?p=259846","title":{"rendered":"Merkel besorgt \u00fcber Anstieg der Corona-Zahlen!"},"content":{"rendered":"<p>Wird es doch nochmal ernst? Nachdem das RKI am Mittwoch \u00fcber 23.000 (!) neue F\u00e4lle gemeldet hat, schaltet sich nun die (Noch)-Bundeskanzlerin Angela Merkel ein und kommentiert die aktuellen Geschehnisse&#8230;<\/p>\n<h4 style=\"text-align: center;\"><strong>STATEMENT<\/strong><\/h4>\n<p><em>&#8222;Wir wissen, dass sich regional in Krankenh\u00e4usern wieder schwierige Zust\u00e4nde ank\u00fcndigen&#8220;<\/em><\/p>\n<p>So \u00e4u\u00dfert sich die 66-J\u00e4hrige \u00fcber ihren Sprecher Steffen Seibert.<\/p>\n<p><img loading=\"lazy\" decoding=\"async\" class=\"alignnone size-full wp-image-259848\" src=\"https:\/\/www.deinupdate.de\/wp-content\/uploads\/2021\/10\/Bildschirmfoto-2021-10-27-um-17.44.00.png\" alt=\"\" width=\"820\" height=\"542\" srcset=\"https:\/\/90x.deinupdate.de\/wp-content\/uploads\/2021\/10\/Bildschirmfoto-2021-10-27-um-17.44.00.png 820w, https:\/\/90x.deinupdate.de\/wp-content\/uploads\/2021\/10\/Bildschirmfoto-2021-10-27-um-17.44.00-300x198.png 300w, https:\/\/90x.deinupdate.de\/wp-content\/uploads\/2021\/10\/Bildschirmfoto-2021-10-27-um-17.44.00-768x508.png 768w\" sizes=\"auto, (max-width: 820px) 100vw, 820px\" \/><\/p>\n<p>Aus Sicht Merkels ist es richtig und notwendig, dass der m\u00f6glichen neuen Regierung aus SPD, FDP und Gr\u00fcnen viele Schutzma\u00dfnahmen erhalten bleiben.<\/p>\n<h4 style=\"text-align: center;\"><strong>WEITERE MA\u00dfNAHMEN<\/strong><\/h4>\n<p>Des Weiteren stellt sich die Kanzlerinnun die Frage, ab welchem Wert etwa bei den Belegungen im Krankenhaus wieder \u00fcber zus\u00e4tzliche Ma\u00dfnahmen zu beraten wird.<\/p>\n<p>Die Entwicklung ist alles andere als gut&#8230;<\/p>\n<h4 style=\"text-align: center;\"><strong>HIER DIE QUELLE<\/strong><\/h4>\n<blockquote class=\"twitter-tweet\">\n<p dir=\"ltr\" lang=\"de\">Merkel besorgt \u00fcber Anstieg der Corona-Zahlen <a href=\"https:\/\/t.co\/fcG398Wykx\">https:\/\/t.co\/fcG398Wykx<\/a> <a href=\"https:\/\/t.co\/Y0VZqkwmLZ\">pic.twitter.com\/Y0VZqkwmLZ<\/a><\/p>\n<p>\u2014 WELT (@welt) <a href=\"https:\/\/twitter.com\/welt\/status\/1453360961650311172?ref_src=twsrc%5Etfw\">October 27, 2021<\/a><\/p><\/blockquote>\n<p><script async src=\"https:\/\/platform.twitter.com\/widgets.js\" charset=\"utf-8\"><\/script><\/p>\n","protected":false},"excerpt":{"rendered":"<p>Wird es doch nochmal ernst? Nachdem das RKI am Mittwoch \u00fcber 23.000 (!) neue F\u00e4lle gemeldet hat, schaltet sich nun die (Noch)-Bundeskanzlerin Angela Merkel ein und kommentiert die aktuellen Geschehnisse&#8230; STATEMENT &#8222;Wir wissen, dass sich regional in Krankenh\u00e4usern wieder schwierige Zust\u00e4nde ank\u00fcndigen&#8220; So \u00e4u\u00dfert sich die 66-J\u00e4hrige \u00fcber ihren Sprecher Steffen Seibert. Aus Sicht Merkels [&hellip;]<\/p>\n","protected":false},"author":1,"featured_media":259847,"comment_status":"open","ping_status":"open","sticky":false,"template":"","format":"standard","meta":{"footnotes":""},"categories":[1],"tags":[],"class_list":["post-259846","post","type-post","status-publish","format-standard","has-post-thumbnail","hentry","category-allgemein"],"publishpress_future_action":{"enabled":false,"date":"1970-01-01 00:00:00","action":"","terms":[],"taxonomy":"","browser_timezone_offset":0},"featured_media_src_url":"https:\/\/90x.deinupdate.de\/wp-content\/uploads\/2021\/10\/Bildschirmfoto-2021-10-27-um-17.43.44.png","acf":{"enable_amazon_playlist_tag_matching":true},"_links":{"self":[{"href":"https:\/\/90x.deinupdate.de\/index.php?rest_route=\/wp\/v2\/posts\/259846","targetHints":{"allow":["GET"]}}],"collection":[{"href":"https:\/\/90x.deinupdate.de\/index.php?rest_route=\/wp\/v2\/posts"}],"about":[{"href":"https:\/\/90x.deinupdate.de\/index.php?rest_route=\/wp\/v2\/types\/post"}],"author":[{"embeddable":true,"href":"https:\/\/90x.deinupdate.de\/index.php?rest_route=\/wp\/v2\/users\/1"}],"replies":[{"embeddable":true,"href":"https:\/\/90x.deinupdate.de\/index.php?rest_route=%2Fwp%2Fv2%2Fcomments&post=259846"}],"version-history":[{"count":5,"href":"https:\/\/90x.deinupdate.de\/index.php?rest_route=\/wp\/v2\/posts\/259846\/revisions"}],"predecessor-version":[{"id":259865,"href":"https:\/\/90x.deinupdate.de\/index.php?rest_route=\/wp\/v2\/posts\/259846\/revisions\/259865"}],"wp:featuredmedia":[{"embeddable":true,"href":"https:\/\/90x.deinupdate.de\/index.php?rest_route=\/wp\/v2\/media\/259847"}],"wp:attachment":[{"href":"https:\/\/90x.deinupdate.de\/index.php?rest_route=%2Fwp%2Fv2%2Fmedia&parent=259846"}],"wp:term":[{"taxonomy":"category","embeddable":true,"href":"https:\/\/90x.deinupdate.de\/index.php?rest_route=%2Fwp%2Fv2%2Fcategories&post=259846"},{"taxonomy":"post_tag","embeddable":true,"href":"https:\/\/90x.deinupdate.de\/index.php?rest_route=%2Fwp%2Fv2%2Ftags&post=259846"}],"curies":[{"name":"wp","href":"https:\/\/api.w.org\/{rel}","templated":true}]}}