{"id":258534,"date":"2021-10-23T17:34:18","date_gmt":"2021-10-23T17:34:18","guid":{"rendered":"https:\/\/www.deinupdate.de\/?p=258534"},"modified":"2021-10-23T17:37:30","modified_gmt":"2021-10-23T17:37:30","slug":"kimmich-deshalb-lass-ich-micht-nicht-impfen","status":"publish","type":"post","link":"https:\/\/90x.deinupdate.de\/?p=258534","title":{"rendered":"Kimmich: DESHALB lass ich mich nicht impfen!"},"content":{"rendered":"<p>Die BILD Zeitung meldete es am Freitag Abend: Joshua Kimmich ist trotz seines Engagements im Kampf gegen Corona noch nicht geimpft. Jetzt meldet sich der Bayern-Star im Sky-Interview zu Wort und erkl\u00e4rt die Gr\u00fcnde. Wir haben das Gespr\u00e4ch im Wortlaut&#8230;<\/p>\n<h4 style=\"text-align: center;\"><strong>GESPR\u00c4CH<\/strong><\/h4>\n<p><strong>Sky-Reporter:<\/strong>\u00a0<em>\u201eHerzlich willkommen, Joshua Kimmich. Fangen wir gleich mal mit dem Thema an, das seit heute alle besch\u00e4ftigt. Die BILD hat gemeldet, dass Sie noch ungeimpft seien. Ist das zutreffend?\u201c<\/em><\/p>\n<p><strong>Kimmich:<\/strong>\u00a0<em>\u201eJa, das stimmt.\u201c<\/em><\/p>\n<p><strong>Sky-Reporter: <\/strong><em>\u201eWarum?\u201c<\/em><\/p>\n<p><strong>Kimmich:<em>\u00a0<\/em><\/strong><em>\u201eWeil ich einfach f\u00fcr mich warten will, was Langzeitstudien angeht. Trotzdem bin ich mir meiner Verantwortung bewusst. Ich halte mich nat\u00fcrlich an die Hygeniema\u00dfnahmen. Es ist auch so, dass wir ungeimpften Spieler im Verein alle zwei, drei Tage getestet werden.\u201c<\/em><\/p>\n<p><strong>Sky-Reporter:<\/strong> <em>\u201eAuf Ihrer Homepage \u201eWeKick Corona\u201c, ihrer Initiative, ihrer sehr lobenswerten Initiative, sagen Sie: \u201aWeil Gesundheit \u00fcber allem steht, ist Solidarit\u00e4t notwendig. Im Gro\u00dfen und auch im Kleinen\u2018. Wieso leben Sie das nicht in diesem speziellen Punkt?\u201c<\/em><\/p>\n<p><strong>Kimmich:<\/strong>\u00a0<em>\u201eDas hei\u00dft ja nicht, dass ich das nicht lebe. Ich lebe ja trotzdem, dass ich mich an gewisse Ma\u00dfnahmen halte, an gewisse Hygeniema\u00dfnahmen. Ich werde alle zwei, drei Tage getestet. Und bei \u201eWeKick Corona\u201c ging\u2019s ja darum, karitative Einrichtungen und gemeinn\u00fctzige Zwecke zu unterst\u00fctzen, die Personen unterst\u00fctzen, die durch Corona in Not geraten sind. Wir haben ja auch an die Unicef Geld gespendet, die dann Impfstoff zur Verf\u00fcgung stellen. Da geht es ja darum, dass es L\u00e4nder gibt, die keinen Zugang zum Impfstoff haben. Ich denke, jeder sollte f\u00fcr sich die Entscheidung treffen. Es geht nicht, dass jemand keinen Zugang hat. Weil wenn man die Entscheidung trifft, dass man sich impfen lassen m\u00f6chte, dann, finde ich, sollten wir auch alles tun, dass sich der impfen lassen kann. Trotzdem ist es jetzt nicht so, dass ich irgendwie ein Corona-Leugner oder Impf-Gegner bin. Das finde ich immer so ein bisschen schade, wenn\u2019s um die Debatte geht. Es gibt nur noch \u201egeimpft\u201c oder \u201enicht geimpft\u201c. Und \u201enicht geimpft\u201c bedeutet dann oftmals gleich, dass man irgendwie Corona-Leugner oder Impf-Gegner ist. Aber ich glaube auch, es gibt auch ein paar andere Menschen zu Hause, die einfach ein paar Bedenken haben \u2013 was auch immer die f\u00fcr Gr\u00fcnde haben. Und ich finde, auch das sollte man respektieren. Vor allem, solange man sich an die Ma\u00dfnahmen h\u00e4lt.\u201c<\/em><\/p>\n<p><img loading=\"lazy\" decoding=\"async\" class=\"alignnone size-full wp-image-258535\" src=\"https:\/\/www.deinupdate.de\/wp-content\/uploads\/2021\/10\/Bildschirmfoto-2021-10-23-um-19.30.47.png\" alt=\"\" width=\"790\" height=\"538\" srcset=\"https:\/\/90x.deinupdate.de\/wp-content\/uploads\/2021\/10\/Bildschirmfoto-2021-10-23-um-19.30.47.png 790w, https:\/\/90x.deinupdate.de\/wp-content\/uploads\/2021\/10\/Bildschirmfoto-2021-10-23-um-19.30.47-300x204.png 300w, https:\/\/90x.deinupdate.de\/wp-content\/uploads\/2021\/10\/Bildschirmfoto-2021-10-23-um-19.30.47-768x523.png 768w\" sizes=\"auto, (max-width: 790px) 100vw, 790px\" \/><\/p>\n<p><strong>Sky-Reporter:<\/strong> <em>\u201eDas ist auch ganz wichtig zu sagen. Impfen ist in Deutschland die freie Entscheidung, die respektieren wir auch. Dennoch gibt es nat\u00fcrlich auch Nachfragen dazu. Beispielsweise den Aspekt, dass man mit der Impfung, in diesem Fall nicht nur sich selbst, sondern auch die anderen sch\u00fctzt. K\u00f6nnen Sie deshalb verstehen, dass man, wenn man nicht geimpft ist, zumindest sehr kritisch betrachtet wird?\u201c<\/em><\/p>\n<p><strong>Kimmich:<\/strong>\u00a0<em>\u201eDas kann ich auf der einen Seite absolut verstehen. Auf der anderen Seite ist es ja auch so, dass es auch immer wieder Impfdurchbr\u00fcche gibt. Und gerade der \u2026\u201c<\/em><\/p>\n<p><strong>Sky-Reporter:<\/strong> <em>\u201eSelten.\u201c<\/em><\/p>\n<p><strong>Kimmich:<\/strong>\u00a0<em>\u201eSelten. Aber gerade der Fakt, dass geimpfte Menschen \u2013 die lassen sich nat\u00fcrlich nicht mehr testen. Die merken das nicht, wenn sie es in sich tragen. Und wie wir wissen, kann man es ja immer noch verbreiten. Und wie gesagt: Ich lasse mich alle zwei, drei Tage testen. Nat\u00fcrlich ist es jetzt so, dass es f\u00fcr viele schwierig ist, das zu bezahlen. In meinem Fall bezahlt das zum Gl\u00fcck noch der FC Bayern. Aber falls das nicht mehr so w\u00e4re, w\u00fcrde ich das nat\u00fcrlich selber zahlen.\u201c<\/em><\/p>\n<p><strong>Sky-Reporter: <\/strong><em>\u201eEine Frage, die viele interessiert, ist, ob Sie sich noch impfen lassen wollen. Ist das ein Aspekt, den Sie auch in einer gewissen Weise ber\u00fccksichtigen, vielleicht auch in naher Zukunft?\u201c<\/em><\/p>\n<p><strong>Kimmich:<\/strong>\u00a0<em>\u201eJa, absolut ber\u00fccksichtige ich das. Deshalb sage ich ja auch nicht kategorisch, dass ich mich \u00fcberhaupt nicht impfen lasse. Sondern es geht einfach darum, dass ich noch ein paar Bedenken habe. Deswegen ist es auch sehr gut m\u00f6glich, dass ich mich in Zukunft impfen lasse.\u201c<\/em><\/p>\n<p><strong>Sky-Reporter:<\/strong><em>\u201eWann k\u00f6nnte das sein? Also kann das jetzt in k\u00fcrzerer Zeit m\u00f6glich sein? Ihre Haltung dazu?\u201c<\/em><\/p>\n<p><strong>Kimmich:<\/strong>\u00a0<em>\u201eJa, auch das kann passieren. Haben Sie auch noch ein paar sportliche Fragen in petto?\u201c<\/em><\/p>\n<p><strong>Sky-Reporter:<\/strong> <em>\u201eEs ist einfach \u2013 nein, ich m\u00f6chte Ihnen ja auch die M\u00f6glichkeit geben, sich dazu zu \u00e4u\u00dfern.\u201c<\/em><\/p>\n<p><strong>Kimmich:\u00a0<\/strong><em>\u201eJa, ja.\u201c<\/em><\/p>\n<p><img loading=\"lazy\" decoding=\"async\" class=\"alignnone size-full wp-image-258536\" src=\"https:\/\/www.deinupdate.de\/wp-content\/uploads\/2021\/10\/Bildschirmfoto-2021-10-23-um-19.31.10.png\" alt=\"\" width=\"736\" height=\"488\" srcset=\"https:\/\/90x.deinupdate.de\/wp-content\/uploads\/2021\/10\/Bildschirmfoto-2021-10-23-um-19.31.10.png 736w, https:\/\/90x.deinupdate.de\/wp-content\/uploads\/2021\/10\/Bildschirmfoto-2021-10-23-um-19.31.10-300x199.png 300w\" sizes=\"auto, (max-width: 736px) 100vw, 736px\" \/><\/p>\n<p><strong>Sky-Reporter:<\/strong> <em>\u201eUnd ich m\u00f6chte durch die Fragen einfach verstehen, auch im Sinne unserer Zuschauerinnen und Zuschauer, warum Sie so handeln. Darum geht es. Es geht nicht darum, hier irgendjemanden anzuklagen. Es geht einfach darum, es zu verstehen. Es ist ihre Haltung und Sie begr\u00fcnden das so. Wir wollen gerne verstehen, warum es so ist.\u201c<\/em><\/p>\n<p><strong>Kimmich:<\/strong>\u00a0<em>\u201eGenerell finde ich das ja auch fair. Oftmals habe ich das Gef\u00fchl bei uns in der Gesellschaft, dass wenn man nicht geimpft ist, wird man direkt irgendwie abgestempelt. Und es wird gar nicht nachgefragt, was sind denn \u00fcberhaupt die Gr\u00fcnde, warum hast Du Bedenken? Oftmals ist es so, dass man sich eher unter Druck gesetzt f\u00fchlt, als dass man \u2013 so wie Sie \u2013 mal jemand hat, der nachfragt und sich auch f\u00fcr die Bedenken interessiert.\u201c<\/em><\/p>\n<p><strong>Sky-Reporter:<\/strong> <em>\u201eIch bin anderer Meinung als Sie. Das sage ich ganz ehrlich. Aber wir m\u00fcssen das aushalten, in so einem Diskurs unterschiedliche Meinung zu haben. Eine Frage noch abschlie\u00dfend zu dem Thema: Was die Fans anbelangt. Vielerorts ist 2G das Modell, das auch die Fans fahren m\u00fcssen. K\u00f6nnen Sie verstehen, dass das auch der eine oder anderer Anh\u00e4nger oder mehrere als unfair empfinden, wenn ein Kimmich unten nicht geimpft ist?\u201c<\/em><\/p>\n<p><strong>Kimmich:<\/strong>\u00a0<em>\u201eIch wei\u00df jetzt nicht, wie das bei anderen Leuten ist, die ins B\u00fcro gehen. Da ist sicherlich nicht in jedem Job 2G. Hier sind wir auch noch an der frischen Luft. Da sagt man ja auch, dass die Ansteckungsgefahr geringer ist. Es ist ja so, dass ich wie ich schon ein paar Mal gesagt habe, alle zwei Tage getestet werde.\u201c<\/em><\/p>\n<p><strong>Sky-Reporter:<\/strong> <em>\u201eJoshua Kimmich, jetzt haben wir das Sportliche au\u00dfer Acht gelassen. Das machen wir wieder beim n\u00e4chsten Mal. Dankesch\u00f6n!\u201c<\/em><\/p>\n<p><strong>Kimmich:\u00a0<\/strong><em>\u201eDankesch\u00f6n.\u201c<\/em><\/p>\n","protected":false},"excerpt":{"rendered":"<p>Die BILD Zeitung meldete es am Freitag Abend: Joshua Kimmich ist trotz seines Engagements im Kampf gegen Corona noch nicht geimpft. Jetzt meldet sich der Bayern-Star im Sky-Interview zu Wort und erkl\u00e4rt die Gr\u00fcnde. Wir haben das Gespr\u00e4ch im Wortlaut&#8230; GESPR\u00c4CH Sky-Reporter:\u00a0\u201eHerzlich willkommen, Joshua Kimmich. Fangen wir gleich mal mit dem Thema an, das seit [&hellip;]<\/p>\n","protected":false},"author":1,"featured_media":258539,"comment_status":"open","ping_status":"open","sticky":false,"template":"","format":"standard","meta":{"footnotes":""},"categories":[1],"tags":[],"class_list":["post-258534","post","type-post","status-publish","format-standard","has-post-thumbnail","hentry","category-allgemein"],"publishpress_future_action":{"enabled":false,"date":"1970-01-01 00:00:00","action":"","terms":[],"taxonomy":"","browser_timezone_offset":0},"featured_media_src_url":"https:\/\/90x.deinupdate.de\/wp-content\/uploads\/2021\/10\/Bildschirmfoto-2021-10-23-um-19.36.42.png","acf":{"enable_amazon_playlist_tag_matching":true,"voting_title":"FEIERT IHR KIMMICH?","voting_items":[{"title":"Ja guter Junge!","image":"https:\/\/90x.deinupdate.de\/wp-content\/uploads\/2021\/10\/Bildschirmfoto-2021-10-23-um-19.30.47.png"},{"title":"Neee nicht so!","image":"https:\/\/90x.deinupdate.de\/wp-content\/uploads\/2021\/10\/Bildschirmfoto-2021-10-23-um-19.31.10.png"}]},"_links":{"self":[{"href":"https:\/\/90x.deinupdate.de\/index.php?rest_route=\/wp\/v2\/posts\/258534","targetHints":{"allow":["GET"]}}],"collection":[{"href":"https:\/\/90x.deinupdate.de\/index.php?rest_route=\/wp\/v2\/posts"}],"about":[{"href":"https:\/\/90x.deinupdate.de\/index.php?rest_route=\/wp\/v2\/types\/post"}],"author":[{"embeddable":true,"href":"https:\/\/90x.deinupdate.de\/index.php?rest_route=\/wp\/v2\/users\/1"}],"replies":[{"embeddable":true,"href":"https:\/\/90x.deinupdate.de\/index.php?rest_route=%2Fwp%2Fv2%2Fcomments&post=258534"}],"version-history":[{"count":2,"href":"https:\/\/90x.deinupdate.de\/index.php?rest_route=\/wp\/v2\/posts\/258534\/revisions"}],"predecessor-version":[{"id":258538,"href":"https:\/\/90x.deinupdate.de\/index.php?rest_route=\/wp\/v2\/posts\/258534\/revisions\/258538"}],"wp:featuredmedia":[{"embeddable":true,"href":"https:\/\/90x.deinupdate.de\/index.php?rest_route=\/wp\/v2\/media\/258539"}],"wp:attachment":[{"href":"https:\/\/90x.deinupdate.de\/index.php?rest_route=%2Fwp%2Fv2%2Fmedia&parent=258534"}],"wp:term":[{"taxonomy":"category","embeddable":true,"href":"https:\/\/90x.deinupdate.de\/index.php?rest_route=%2Fwp%2Fv2%2Fcategories&post=258534"},{"taxonomy":"post_tag","embeddable":true,"href":"https:\/\/90x.deinupdate.de\/index.php?rest_route=%2Fwp%2Fv2%2Ftags&post=258534"}],"curies":[{"name":"wp","href":"https:\/\/api.w.org\/{rel}","templated":true}]}}