{"id":255953,"date":"2021-10-13T16:20:49","date_gmt":"2021-10-13T16:20:49","guid":{"rendered":"https:\/\/www.deinupdate.de\/?p=255953"},"modified":"2021-10-13T16:31:47","modified_gmt":"2021-10-13T16:31:47","slug":"eil-gefaengnis-strafe-fuer-bayern-star","status":"publish","type":"post","link":"https:\/\/90x.deinupdate.de\/?p=255953","title":{"rendered":"Gef\u00e4ngnis-Strafe f\u00fcr Bayern-Star!"},"content":{"rendered":"<p>Es ist eine echte Horror-Nachricht f\u00fcr den deutschen Meister. Muss einer der Stars des FC Bayern schon n\u00e4chste Woche ins Gef\u00e4ngnis?<\/p>\n<h4 style=\"text-align: center;\"><strong>LUCAS HERNANDEZ<\/strong><\/h4>\n<p>Heftig: Einen Tag vor dem Champions-League-Spiel bei Benfica Lissabon muss der Franzose in Madrid vor Gericht erscheinen. Dann soll er eine Haftstrafe von 6 Monaten antreten. Gef\u00e4ngnis f\u00fcr Lucas!<\/p>\n<p>Sein Vergehen: Der Spieler war bereits im Dezember 2019 zu einer Haftstrafe von sechs Monaten verurteilt worden \u2013 weil er gegen ein Kontaktverbot gegen\u00fcber seiner damaligen Freundin und heutigen Frau versto\u00dfen hatte.<\/p>\n<p>Trotzdem war das Paar gemeinsam in die Flitterwochen nach Miami geflogen und auf dem R\u00fcckweg in Madrid wegen Versto\u00dfes gegen das Kontaktverbot verhaftet worden.<\/p>\n<p>Und jetzt sagt der Richter in Spanien: Ab hinter Gitter!<\/p>\n<p><img loading=\"lazy\" decoding=\"async\" class=\"alignnone size-full wp-image-255961\" src=\"https:\/\/www.deinupdate.de\/wp-content\/uploads\/2021\/10\/4w756qhighc0.bild_.jpg\" alt=\"\" width=\"756\" height=\"898\" srcset=\"https:\/\/90x.deinupdate.de\/wp-content\/uploads\/2021\/10\/4w756qhighc0.bild_.jpg 756w, https:\/\/90x.deinupdate.de\/wp-content\/uploads\/2021\/10\/4w756qhighc0.bild_-253x300.jpg 253w\" sizes=\"auto, (max-width: 756px) 100vw, 756px\" \/><\/p>\n<h4 style=\"text-align: center;\"><strong>BAYERN SAGT NICHTS<\/strong><\/h4>\n<p>Nach BILD-Info betrachtet man den Vorgang bei Bayern als kurios, da Hernand\u00e9z und seine Frau gl\u00fccklich zusammen in M\u00fcnchen leben. Im Klub schlie\u00dft man aus, dass der Franzose ins Gef\u00e4ngnis muss.<\/p>\n<p>Mal sehen, was am kommenden Dienstag beim Gerichts-Termin passiert&#8230;<\/p>\n<h4 style=\"text-align: center;\"><strong>HIER SEHT IHR ES<\/strong><\/h4>\n<blockquote class=\"twitter-tweet\">\n<p dir=\"ltr\" lang=\"es\">? \u00daLTIMA HORA<br \/>\n?\u200d\u2696\ufe0f El Juzgado de lo Penal N\u00ba32 de Madrid cita a Lucas Hern\u00e1ndez para que el d\u00eda 19 de octubre se persone para elegir el Centro Penitenciario en el que ingresar <a href=\"https:\/\/t.co\/ynuKMESqRr\">pic.twitter.com\/ynuKMESqRr<\/a><\/p>\n<p>\u2014 Diario AS (@diarioas) <a href=\"https:\/\/twitter.com\/diarioas\/status\/1448269367288991757?ref_src=twsrc%5Etfw\">October 13, 2021<\/a><\/p><\/blockquote>\n<p><script async src=\"https:\/\/platform.twitter.com\/widgets.js\" charset=\"utf-8\"><\/script><\/p>\n","protected":false},"excerpt":{"rendered":"<p>Es ist eine echte Horror-Nachricht f\u00fcr den deutschen Meister. Muss einer der Stars des FC Bayern schon n\u00e4chste Woche ins Gef\u00e4ngnis? LUCAS HERNANDEZ Heftig: Einen Tag vor dem Champions-League-Spiel bei Benfica Lissabon muss der Franzose in Madrid vor Gericht erscheinen. Dann soll er eine Haftstrafe von 6 Monaten antreten. Gef\u00e4ngnis f\u00fcr Lucas! Sein Vergehen: Der [&hellip;]<\/p>\n","protected":false},"author":1,"featured_media":255957,"comment_status":"open","ping_status":"open","sticky":false,"template":"","format":"standard","meta":{"footnotes":""},"categories":[1],"tags":[],"class_list":["post-255953","post","type-post","status-publish","format-standard","has-post-thumbnail","hentry","category-allgemein"],"publishpress_future_action":{"enabled":false,"date":"1970-01-01 00:00:00","action":"","terms":[],"taxonomy":"","browser_timezone_offset":0},"featured_media_src_url":"https:\/\/90x.deinupdate.de\/wp-content\/uploads\/2021\/10\/Bildschirmfoto-2021-10-13-um-17.53.03-1024x670.png","acf":{"enable_amazon_playlist_tag_matching":true},"_links":{"self":[{"href":"https:\/\/90x.deinupdate.de\/index.php?rest_route=\/wp\/v2\/posts\/255953","targetHints":{"allow":["GET"]}}],"collection":[{"href":"https:\/\/90x.deinupdate.de\/index.php?rest_route=\/wp\/v2\/posts"}],"about":[{"href":"https:\/\/90x.deinupdate.de\/index.php?rest_route=\/wp\/v2\/types\/post"}],"author":[{"embeddable":true,"href":"https:\/\/90x.deinupdate.de\/index.php?rest_route=\/wp\/v2\/users\/1"}],"replies":[{"embeddable":true,"href":"https:\/\/90x.deinupdate.de\/index.php?rest_route=%2Fwp%2Fv2%2Fcomments&post=255953"}],"version-history":[{"count":2,"href":"https:\/\/90x.deinupdate.de\/index.php?rest_route=\/wp\/v2\/posts\/255953\/revisions"}],"predecessor-version":[{"id":255969,"href":"https:\/\/90x.deinupdate.de\/index.php?rest_route=\/wp\/v2\/posts\/255953\/revisions\/255969"}],"wp:featuredmedia":[{"embeddable":true,"href":"https:\/\/90x.deinupdate.de\/index.php?rest_route=\/wp\/v2\/media\/255957"}],"wp:attachment":[{"href":"https:\/\/90x.deinupdate.de\/index.php?rest_route=%2Fwp%2Fv2%2Fmedia&parent=255953"}],"wp:term":[{"taxonomy":"category","embeddable":true,"href":"https:\/\/90x.deinupdate.de\/index.php?rest_route=%2Fwp%2Fv2%2Fcategories&post=255953"},{"taxonomy":"post_tag","embeddable":true,"href":"https:\/\/90x.deinupdate.de\/index.php?rest_route=%2Fwp%2Fv2%2Ftags&post=255953"}],"curies":[{"name":"wp","href":"https:\/\/api.w.org\/{rel}","templated":true}]}}