{"id":254011,"date":"2021-10-06T20:36:44","date_gmt":"2021-10-06T20:36:44","guid":{"rendered":"https:\/\/www.deinupdate.de\/?p=254011"},"modified":"2021-10-06T20:41:29","modified_gmt":"2021-10-06T20:41:29","slug":"die-ansage-fuer-alle-schueler-%e2%80%bc%ef%b8%8f%e2%80%bc%ef%b8%8f%e2%80%bc%ef%b8%8f","status":"publish","type":"post","link":"https:\/\/90x.deinupdate.de\/?p=254011","title":{"rendered":"DIE ANSAGE F\u00dcR ALLE SCH\u00dcLER!"},"content":{"rendered":"<p>In (fast) allen Bundesl\u00e4ndern l\u00e4uft das erste Halbjahr auf Hochtouren. Doch weil k\u00fcrzlich in einigen Bundesl\u00e4ndern die Maskenpflicht an Schulen aufgehoben wurde, gibt es nun eine mehr als deutliche Ansage&#8230;<\/p>\n<h4 style=\"text-align: center;\"><strong>LOTHAR WIELER<\/strong><\/h4>\n<p>Das Ende der Maskenpflicht in Teilen Deutschlands st\u00f6\u00dft beim Pr\u00e4sidenten des Robert Koch-Instituts (RKI) auf Ablehnung. Lothar Wieler findet, dass es der v\u00f6llig falsche Moment sei, um Kinder wieder ohne Maske im Klassenzimmer rumlaufen zu lassen.<\/p>\n<p>Der Grund: Die vierte Welle kommt!<\/p>\n<p><img loading=\"lazy\" decoding=\"async\" class=\"alignnone size-full wp-image-254012\" src=\"https:\/\/www.deinupdate.de\/wp-content\/uploads\/2021\/10\/Bildschirmfoto-2021-10-06-um-22.34.20.png\" alt=\"\" width=\"764\" height=\"510\" srcset=\"https:\/\/90x.deinupdate.de\/wp-content\/uploads\/2021\/10\/Bildschirmfoto-2021-10-06-um-22.34.20.png 764w, https:\/\/90x.deinupdate.de\/wp-content\/uploads\/2021\/10\/Bildschirmfoto-2021-10-06-um-22.34.20-300x200.png 300w\" sizes=\"auto, (max-width: 764px) 100vw, 764px\" \/><\/p>\n<h4 style=\"text-align: center;\"><strong>LONG COVID<\/strong><\/h4>\n<p>Im Herbst und Winter ist wegen der Zunahme von Kontakten in Innenr\u00e4umen auch mit steigenden Infektionszahlen zu rechnen. Man sei wegen des Risikos von Long Covid unver\u00e4ndert der Ansicht, dass Kinder zu sch\u00fctzen sind.<\/p>\n<p><em>&#8222;Wir wollen, dass Kitas und Schulen auf bleiben, aber bitte unter Beibehaltung von Schutzma\u00dfnahmen&#8220;<\/em><\/p>\n<p><img loading=\"lazy\" decoding=\"async\" class=\"alignnone size-full wp-image-254014\" src=\"https:\/\/www.deinupdate.de\/wp-content\/uploads\/2021\/10\/Bildschirmfoto-2021-10-06-um-22.33.54.png\" alt=\"\" width=\"946\" height=\"614\" srcset=\"https:\/\/90x.deinupdate.de\/wp-content\/uploads\/2021\/10\/Bildschirmfoto-2021-10-06-um-22.33.54.png 946w, https:\/\/90x.deinupdate.de\/wp-content\/uploads\/2021\/10\/Bildschirmfoto-2021-10-06-um-22.33.54-300x195.png 300w, https:\/\/90x.deinupdate.de\/wp-content\/uploads\/2021\/10\/Bildschirmfoto-2021-10-06-um-22.33.54-768x498.png 768w\" sizes=\"auto, (max-width: 946px) 100vw, 946px\" \/><\/p>\n<p>Seine Empfehlung: Masken wieder auf! JETZT!<\/p>\n<h4 style=\"text-align: center;\"><strong>HIER DIE QUELLE<\/strong><\/h4>\n<blockquote class=\"twitter-tweet\">\n<p dir=\"ltr\" lang=\"de\">Einige Bundesl\u00e4nder haben die <a href=\"https:\/\/twitter.com\/hashtag\/maskenpflicht?src=hash&amp;ref_src=twsrc%5Etfw\">#maskenpflicht<\/a> an Schulen bereits aufgehoben. Der Chef des Robert Koch-Instituts h\u00e4lt das f\u00fcr ein falsches Signal. Kinder seien angesichts des <a href=\"https:\/\/twitter.com\/hashtag\/corona?src=hash&amp;ref_src=twsrc%5Etfw\">#corona<\/a> \u201eweiterhin zu sch\u00fctzen\u201c.<a href=\"https:\/\/t.co\/IUhRrOmC5Y\">https:\/\/t.co\/IUhRrOmC5Y<\/a><\/p>\n<p>\u2014 RND (@RND_de) <a href=\"https:\/\/twitter.com\/RND_de\/status\/1445725525817839616?ref_src=twsrc%5Etfw\">October 6, 2021<\/a><\/p><\/blockquote>\n<p><script async src=\"https:\/\/platform.twitter.com\/widgets.js\" charset=\"utf-8\"><\/script><\/p>\n","protected":false},"excerpt":{"rendered":"<p>In (fast) allen Bundesl\u00e4ndern l\u00e4uft das erste Halbjahr auf Hochtouren. Doch weil k\u00fcrzlich in einigen Bundesl\u00e4ndern die Maskenpflicht an Schulen aufgehoben wurde, gibt es nun eine mehr als deutliche Ansage&#8230; LOTHAR WIELER Das Ende der Maskenpflicht in Teilen Deutschlands st\u00f6\u00dft beim Pr\u00e4sidenten des Robert Koch-Instituts (RKI) auf Ablehnung. Lothar Wieler findet, dass es der v\u00f6llig [&hellip;]<\/p>\n","protected":false},"author":1,"featured_media":254013,"comment_status":"open","ping_status":"open","sticky":false,"template":"","format":"standard","meta":{"footnotes":""},"categories":[1],"tags":[],"class_list":["post-254011","post","type-post","status-publish","format-standard","has-post-thumbnail","hentry","category-allgemein"],"publishpress_future_action":{"enabled":false,"date":"1970-01-01 00:00:00","action":"","terms":[],"taxonomy":"","browser_timezone_offset":0},"featured_media_src_url":"https:\/\/90x.deinupdate.de\/wp-content\/uploads\/2021\/10\/Bildschirmfoto-2021-10-06-um-22.34.08.png","acf":{"enable_amazon_playlist_tag_matching":true},"_links":{"self":[{"href":"https:\/\/90x.deinupdate.de\/index.php?rest_route=\/wp\/v2\/posts\/254011","targetHints":{"allow":["GET"]}}],"collection":[{"href":"https:\/\/90x.deinupdate.de\/index.php?rest_route=\/wp\/v2\/posts"}],"about":[{"href":"https:\/\/90x.deinupdate.de\/index.php?rest_route=\/wp\/v2\/types\/post"}],"author":[{"embeddable":true,"href":"https:\/\/90x.deinupdate.de\/index.php?rest_route=\/wp\/v2\/users\/1"}],"replies":[{"embeddable":true,"href":"https:\/\/90x.deinupdate.de\/index.php?rest_route=%2Fwp%2Fv2%2Fcomments&post=254011"}],"version-history":[{"count":4,"href":"https:\/\/90x.deinupdate.de\/index.php?rest_route=\/wp\/v2\/posts\/254011\/revisions"}],"predecessor-version":[{"id":254018,"href":"https:\/\/90x.deinupdate.de\/index.php?rest_route=\/wp\/v2\/posts\/254011\/revisions\/254018"}],"wp:featuredmedia":[{"embeddable":true,"href":"https:\/\/90x.deinupdate.de\/index.php?rest_route=\/wp\/v2\/media\/254013"}],"wp:attachment":[{"href":"https:\/\/90x.deinupdate.de\/index.php?rest_route=%2Fwp%2Fv2%2Fmedia&parent=254011"}],"wp:term":[{"taxonomy":"category","embeddable":true,"href":"https:\/\/90x.deinupdate.de\/index.php?rest_route=%2Fwp%2Fv2%2Fcategories&post=254011"},{"taxonomy":"post_tag","embeddable":true,"href":"https:\/\/90x.deinupdate.de\/index.php?rest_route=%2Fwp%2Fv2%2Ftags&post=254011"}],"curies":[{"name":"wp","href":"https:\/\/api.w.org\/{rel}","templated":true}]}}