{"id":253534,"date":"2021-10-05T11:42:57","date_gmt":"2021-10-05T11:42:57","guid":{"rendered":"https:\/\/www.deinupdate.de\/?p=253534"},"modified":"2021-10-05T11:45:05","modified_gmt":"2021-10-05T11:45:05","slug":"kommt-mbappe-jetzt-spricht-der-real-boss","status":"publish","type":"post","link":"https:\/\/90x.deinupdate.de\/?p=253534","title":{"rendered":"Kommt Mbappe? Jetzt spricht der Real-Boss!"},"content":{"rendered":"<p>Der PSG-Star gibt am Montag offen zu: Ja, ich wollte schon im Sommer zu Real Madrid wechseln \u2013 doch der Transfer klappte nicht. Jetzt \u00e4u\u00dfert sich der Real-Boss zum Thema.<\/p>\n<h4 style=\"text-align: center;\"><strong>FLORENTINO PEREZ\u00a0<\/strong><\/h4>\n<p><em>&#8222;Im Januar werden wir News zu Mbappe haben. Wir hoffen, dass wir ab 1. Januar die komplette Mbappe-Situation kl\u00e4ren k\u00f6nnen. Bis dahin m\u00fcssen wir warten. Denn wir haben ein gutes Verh\u00e4ltnis zu PSG&#8220;<\/em><\/p>\n<p><img loading=\"lazy\" decoding=\"async\" class=\"alignnone size-full wp-image-253540\" src=\"https:\/\/www.deinupdate.de\/wp-content\/uploads\/2021\/10\/Bildschirmfoto-2021-10-05-um-13.21.12.png\" alt=\"\" width=\"642\" height=\"476\" srcset=\"https:\/\/90x.deinupdate.de\/wp-content\/uploads\/2021\/10\/Bildschirmfoto-2021-10-05-um-13.21.12.png 642w, https:\/\/90x.deinupdate.de\/wp-content\/uploads\/2021\/10\/Bildschirmfoto-2021-10-05-um-13.21.12-300x222.png 300w\" sizes=\"auto, (max-width: 642px) 100vw, 642px\" \/><\/p>\n<h4 style=\"text-align: center;\"><strong>REGELN<\/strong><\/h4>\n<p>Das sagt der Pr\u00e4sident soeben im Madrid. Warum 1. Januar? Am 30. Juni 2022 l\u00e4uft der PSG-Vertrag von Mbappe aus. Genau ein halbes Jahr vorher darf er offiziell mit einem anderen Verein verhandeln. Also ab 1. Januar!<\/p>\n<p>Sieht so aus, als ob der Franzose n\u00e4chstes Jahr ein K\u00f6niglicher wird&#8230;.<\/p>\n<h4 style=\"text-align: center;\"><strong>HIER DIE QUELLE<\/strong><\/h4>\n<blockquote class=\"twitter-tweet\">\n<p dir=\"ltr\" lang=\"es\">Florentino P\u00e9rez en <a href=\"https:\/\/twitter.com\/hashtag\/ElDebate?src=hash&amp;ref_src=twsrc%5Etfw\">#ElDebate<\/a> | \u00abHabr\u00e1 noticias sobre la llegada de Mbapp\u00e9 al Real Madrid en enero\u00bb<a href=\"https:\/\/t.co\/xk98cWeoC0\">https:\/\/t.co\/xk98cWeoC0<\/a><\/p>\n<p>\u2014 El Debate (@eldebate_com) <a href=\"https:\/\/twitter.com\/eldebate_com\/status\/1445337178955997184?ref_src=twsrc%5Etfw\">October 5, 2021<\/a><\/p><\/blockquote>\n<p><script async src=\"https:\/\/platform.twitter.com\/widgets.js\" charset=\"utf-8\"><\/script><\/p>\n","protected":false},"excerpt":{"rendered":"<p>Der PSG-Star gibt am Montag offen zu: Ja, ich wollte schon im Sommer zu Real Madrid wechseln \u2013 doch der Transfer klappte nicht. Jetzt \u00e4u\u00dfert sich der Real-Boss zum Thema. FLORENTINO PEREZ\u00a0 &#8222;Im Januar werden wir News zu Mbappe haben. Wir hoffen, dass wir ab 1. Januar die komplette Mbappe-Situation kl\u00e4ren k\u00f6nnen. Bis dahin m\u00fcssen [&hellip;]<\/p>\n","protected":false},"author":1,"featured_media":253537,"comment_status":"open","ping_status":"open","sticky":false,"template":"","format":"standard","meta":{"footnotes":""},"categories":[1],"tags":[],"class_list":["post-253534","post","type-post","status-publish","format-standard","has-post-thumbnail","hentry","category-allgemein"],"publishpress_future_action":{"enabled":false,"date":"1970-01-01 00:00:00","action":"","terms":[],"taxonomy":"","browser_timezone_offset":0},"featured_media_src_url":"https:\/\/90x.deinupdate.de\/wp-content\/uploads\/2021\/10\/Bildschirmfoto-2021-10-05-um-13.14.12.png","acf":{"enable_amazon_playlist_tag_matching":true},"_links":{"self":[{"href":"https:\/\/90x.deinupdate.de\/index.php?rest_route=\/wp\/v2\/posts\/253534","targetHints":{"allow":["GET"]}}],"collection":[{"href":"https:\/\/90x.deinupdate.de\/index.php?rest_route=\/wp\/v2\/posts"}],"about":[{"href":"https:\/\/90x.deinupdate.de\/index.php?rest_route=\/wp\/v2\/types\/post"}],"author":[{"embeddable":true,"href":"https:\/\/90x.deinupdate.de\/index.php?rest_route=\/wp\/v2\/users\/1"}],"replies":[{"embeddable":true,"href":"https:\/\/90x.deinupdate.de\/index.php?rest_route=%2Fwp%2Fv2%2Fcomments&post=253534"}],"version-history":[{"count":4,"href":"https:\/\/90x.deinupdate.de\/index.php?rest_route=\/wp\/v2\/posts\/253534\/revisions"}],"predecessor-version":[{"id":253554,"href":"https:\/\/90x.deinupdate.de\/index.php?rest_route=\/wp\/v2\/posts\/253534\/revisions\/253554"}],"wp:featuredmedia":[{"embeddable":true,"href":"https:\/\/90x.deinupdate.de\/index.php?rest_route=\/wp\/v2\/media\/253537"}],"wp:attachment":[{"href":"https:\/\/90x.deinupdate.de\/index.php?rest_route=%2Fwp%2Fv2%2Fmedia&parent=253534"}],"wp:term":[{"taxonomy":"category","embeddable":true,"href":"https:\/\/90x.deinupdate.de\/index.php?rest_route=%2Fwp%2Fv2%2Fcategories&post=253534"},{"taxonomy":"post_tag","embeddable":true,"href":"https:\/\/90x.deinupdate.de\/index.php?rest_route=%2Fwp%2Fv2%2Ftags&post=253534"}],"curies":[{"name":"wp","href":"https:\/\/api.w.org\/{rel}","templated":true}]}}