{"id":251911,"date":"2021-09-28T16:50:25","date_gmt":"2021-09-28T16:50:25","guid":{"rendered":"https:\/\/www.deinupdate.de\/?p=251911"},"modified":"2021-09-28T17:23:02","modified_gmt":"2021-09-28T17:23:02","slug":"mann-erschossen-ex-bundesliga-profi-auf-der-flucht","status":"publish","type":"post","link":"https:\/\/90x.deinupdate.de\/?p=251911","title":{"rendered":"Mann erschossen? Ex-Profi auf der Flucht!"},"content":{"rendered":"<p>Diese Anschuldigung ist krass! Der ehemalige Bundesliga-Profi soll in der T\u00fcrkei einen Mann erschossen haben, nachdem er sich im Stra\u00dfenverkehr mit ihm angelegt hat. Jetzt ist der Kicker sogar abgetaucht\u2026<\/p>\n<h4 style=\"text-align: center;\"><strong>SEZER \u00d6ZT\u00dcRK<\/strong><\/h4>\n<p>Mehrere t\u00fcrkische Medien berichten, dass der Ex-Profi von Bayer Leverkusen und Fenerbahce am 19. September im Mercedes mit deutschem Kennzeichen durch Istanbul f\u00e4hrt. Dann ger\u00e4t er mit jemandem aneinander, der ungeschickt parkt. Das Problem: Sezer kommt mit seinem Benz nicht durch und wird aggressiv!<\/p>\n<p><a href=\"https:\/\/www.deinupdate.de\/wp-content\/uploads\/2021\/09\/Bildschirmfoto-2021-09-28-um-17.03.34.png\"><img loading=\"lazy\" decoding=\"async\" class=\"aligncenter size-full wp-image-251944\" src=\"https:\/\/www.deinupdate.de\/wp-content\/uploads\/2021\/09\/Bildschirmfoto-2021-09-28-um-17.03.34.png\" alt=\"\" width=\"730\" height=\"640\" srcset=\"https:\/\/90x.deinupdate.de\/wp-content\/uploads\/2021\/09\/Bildschirmfoto-2021-09-28-um-17.03.34.png 730w, https:\/\/90x.deinupdate.de\/wp-content\/uploads\/2021\/09\/Bildschirmfoto-2021-09-28-um-17.03.34-300x263.png 300w\" sizes=\"auto, (max-width: 730px) 100vw, 730px\" \/><\/a><\/p>\n<p>Es kommt zur Schl\u00e4gerei, jemand z\u00fcckt ein Messer.\u00a0Die Situation artet laut Berichten derart aus, dass Sezer eine Waffe zieht \u2013 und einen zweifachen Vater erschie\u00dft!<\/p>\n<h4 style=\"text-align: center;\"><strong>HAFTBEFEHL<\/strong><\/h4>\n<p>Vier weitere Personen werden dabei verletzt und werden im Krankenhaus behandelt. Der T\u00e4ter haut ab, noch immer befindet er sich auf der Flucht vor der Polizei. Er ahnt schon, was ihm bl\u00fcht, wenn sie ihn erwischen \u2013 n\u00e4mlich KNAST!<\/p>\n<p>Jetzt liegt ein Haftbefehl gegen \u00d6zt\u00fcrk wegen &#8222;vors\u00e4tzlicher T\u00f6tung&#8220; und &#8222;vors\u00e4tzlicher K\u00f6rperverletzung&#8220; vor. Mal sehen, ob er sich demn\u00e4chst freiwillig der Polizei stellt\u2026<\/p>\n<h4 style=\"text-align: center;\"><strong>HIER DIE QUELLE<\/strong><\/h4>\n<blockquote class=\"twitter-tweet\">\n<p dir=\"ltr\" lang=\"tr\">1 \u00d6L\u00dc, 4 YARALI<br \/>\nEski futbolcu Sezer \u00d6zt\u00fcrk trafikte deh\u015fet sa\u00e7t\u0131 <a href=\"https:\/\/t.co\/x3rflJ58jb\">https:\/\/t.co\/x3rflJ58jb<\/a> <a href=\"https:\/\/t.co\/n25S3roL0U\">pic.twitter.com\/n25S3roL0U<\/a><\/p>\n<p>\u2014 NTV (@ntv) <a href=\"https:\/\/twitter.com\/ntv\/status\/1442404050184687617?ref_src=twsrc%5Etfw\">September 27, 2021<\/a><\/p><\/blockquote>\n","protected":false},"excerpt":{"rendered":"<p>Diese Anschuldigung ist krass! Der ehemalige Bundesliga-Profi soll in der T\u00fcrkei einen Mann erschossen haben, nachdem er sich im Stra\u00dfenverkehr mit ihm angelegt hat. Jetzt ist der Kicker sogar abgetaucht\u2026 SEZER \u00d6ZT\u00dcRK Mehrere t\u00fcrkische Medien berichten, dass der Ex-Profi von Bayer Leverkusen und Fenerbahce am 19. September im Mercedes mit deutschem Kennzeichen durch Istanbul f\u00e4hrt. [&hellip;]<\/p>\n","protected":false},"author":4,"featured_media":251946,"comment_status":"open","ping_status":"open","sticky":false,"template":"","format":"standard","meta":{"footnotes":""},"categories":[1],"tags":[],"class_list":["post-251911","post","type-post","status-publish","format-standard","has-post-thumbnail","hentry","category-allgemein"],"publishpress_future_action":{"enabled":false,"date":"1970-01-01 00:00:00","action":"","terms":[],"taxonomy":"","browser_timezone_offset":0},"featured_media_src_url":"https:\/\/90x.deinupdate.de\/wp-content\/uploads\/2021\/09\/Bildschirmfoto-2021-09-28-um-17.07.23.png","acf":{"enable_amazon_playlist_tag_matching":true},"_links":{"self":[{"href":"https:\/\/90x.deinupdate.de\/index.php?rest_route=\/wp\/v2\/posts\/251911","targetHints":{"allow":["GET"]}}],"collection":[{"href":"https:\/\/90x.deinupdate.de\/index.php?rest_route=\/wp\/v2\/posts"}],"about":[{"href":"https:\/\/90x.deinupdate.de\/index.php?rest_route=\/wp\/v2\/types\/post"}],"author":[{"embeddable":true,"href":"https:\/\/90x.deinupdate.de\/index.php?rest_route=\/wp\/v2\/users\/4"}],"replies":[{"embeddable":true,"href":"https:\/\/90x.deinupdate.de\/index.php?rest_route=%2Fwp%2Fv2%2Fcomments&post=251911"}],"version-history":[{"count":3,"href":"https:\/\/90x.deinupdate.de\/index.php?rest_route=\/wp\/v2\/posts\/251911\/revisions"}],"predecessor-version":[{"id":252023,"href":"https:\/\/90x.deinupdate.de\/index.php?rest_route=\/wp\/v2\/posts\/251911\/revisions\/252023"}],"wp:featuredmedia":[{"embeddable":true,"href":"https:\/\/90x.deinupdate.de\/index.php?rest_route=\/wp\/v2\/media\/251946"}],"wp:attachment":[{"href":"https:\/\/90x.deinupdate.de\/index.php?rest_route=%2Fwp%2Fv2%2Fmedia&parent=251911"}],"wp:term":[{"taxonomy":"category","embeddable":true,"href":"https:\/\/90x.deinupdate.de\/index.php?rest_route=%2Fwp%2Fv2%2Fcategories&post=251911"},{"taxonomy":"post_tag","embeddable":true,"href":"https:\/\/90x.deinupdate.de\/index.php?rest_route=%2Fwp%2Fv2%2Ftags&post=251911"}],"curies":[{"name":"wp","href":"https:\/\/api.w.org\/{rel}","templated":true}]}}