{"id":251691,"date":"2021-09-27T18:26:48","date_gmt":"2021-09-27T18:26:48","guid":{"rendered":"https:\/\/www.deinupdate.de\/?p=251691"},"modified":"2021-09-27T18:26:48","modified_gmt":"2021-09-27T18:26:48","slug":"mbappe-kommt","status":"publish","type":"post","link":"https:\/\/90x.deinupdate.de\/?p=251691","title":{"rendered":"MBAPPE KOMMT!"},"content":{"rendered":"<p>Der Klub wollte ihn schon im Sommer unbedingt holen. Doch der Transfer scheiterte in letzter Sekunde. Jetzt sagt der Vereins-Boss: N\u00e4chstes Jahr klappt es, der Superstar kommt zu uns!<\/p>\n<h4 style=\"text-align: center;\"><strong>REAL MADRID<\/strong><\/h4>\n<p>Seine Worte sollen am Samstag vor dem Ligaspiel gegen Villareal gefallen sein. Real-Fans vor Ort treffen Pr\u00e4sident Florentino Perez am Stadion und fordern: Hol uns endlich Mbappe!<\/p>\n<p><em>&#8222;N\u00e4chstes Jahr&#8220;<\/em><\/p>\n<p>Das antwortet der m\u00e4chtige Klub-Boss daraufhin, so ein Reporter von Gol Television.<\/p>\n<p><img loading=\"lazy\" decoding=\"async\" class=\"alignnone size-full wp-image-251693\" src=\"https:\/\/www.deinupdate.de\/wp-content\/uploads\/2021\/09\/Bildschirmfoto-2021-09-27-um-20.11.24.png\" alt=\"\" width=\"784\" height=\"746\" srcset=\"https:\/\/90x.deinupdate.de\/wp-content\/uploads\/2021\/09\/Bildschirmfoto-2021-09-27-um-20.11.24.png 784w, https:\/\/90x.deinupdate.de\/wp-content\/uploads\/2021\/09\/Bildschirmfoto-2021-09-27-um-20.11.24-300x285.png 300w, https:\/\/90x.deinupdate.de\/wp-content\/uploads\/2021\/09\/Bildschirmfoto-2021-09-27-um-20.11.24-768x731.png 768w\" sizes=\"auto, (max-width: 784px) 100vw, 784px\" \/><\/p>\n<h4 style=\"text-align: center;\"><strong>KOMMT ES SO?<\/strong><\/h4>\n<p><em>&#8222;Ich halte das f\u00fcr absolut glaubw\u00fcrdig. Real Madrid ist der \u00dcberzeugung, Mbappe f\u00fcr die n\u00e4chste Saison bereits sicher zu haben&#8220;<\/em><\/p>\n<p>Das sagt der Real-Insider Jos\u00e9 F\u00e9lix D\u00edaz von MARCA dazu. Ab 1. Januar kann Mbappe offiziell mit Real verhandeln, ab 1. Juli k\u00f6nnte er dann wechseln. F\u00fcr 0 Euro Abl\u00f6se!<\/p>\n<p>Mal sehen, ob es am Ende wirklich so passiert&#8230;<\/p>\n<h4 style=\"text-align: center;\"><strong>HIER SEHT IHR ES<\/strong><\/h4>\n<blockquote class=\"twitter-tweet\">\n<p dir=\"ltr\" lang=\"es\">? Florentino P\u00e9rez ha tenido un susto con el coche a la salida del Santiago Bernab\u00e9u<\/p>\n<p>\u26a0\ufe0f Un aficionado se ha acercado al veh\u00edculo y el presidente blanco le ha dicho que el a\u00f1o que viene vendr\u00e1 MBAPP\u00c9<\/p>\n<p>?\ufe0f Informa <a href=\"https:\/\/twitter.com\/SQuirante?ref_src=twsrc%5Etfw\">@SQuirante<\/a><\/p>\n<p>? <a href=\"https:\/\/twitter.com\/hashtag\/DirectoGol?src=hash&amp;ref_src=twsrc%5Etfw\">#DirectoGol<\/a> <a href=\"https:\/\/t.co\/MibiCwnzj0\">pic.twitter.com\/MibiCwnzj0<\/a><\/p>\n<p>\u2014 Directo Gol (@DirectoGol) <a href=\"https:\/\/twitter.com\/DirectoGol\/status\/1441891235866845187?ref_src=twsrc%5Etfw\">September 25, 2021<\/a><\/p><\/blockquote>\n<p><script async src=\"https:\/\/platform.twitter.com\/widgets.js\" charset=\"utf-8\"><\/script><\/p>\n","protected":false},"excerpt":{"rendered":"<p>Der Klub wollte ihn schon im Sommer unbedingt holen. Doch der Transfer scheiterte in letzter Sekunde. Jetzt sagt der Vereins-Boss: N\u00e4chstes Jahr klappt es, der Superstar kommt zu uns! REAL MADRID Seine Worte sollen am Samstag vor dem Ligaspiel gegen Villareal gefallen sein. Real-Fans vor Ort treffen Pr\u00e4sident Florentino Perez am Stadion und fordern: Hol [&hellip;]<\/p>\n","protected":false},"author":1,"featured_media":251692,"comment_status":"open","ping_status":"open","sticky":false,"template":"","format":"standard","meta":{"footnotes":""},"categories":[1],"tags":[],"class_list":["post-251691","post","type-post","status-publish","format-standard","has-post-thumbnail","hentry","category-allgemein"],"publishpress_future_action":{"enabled":false,"date":"1970-01-01 00:00:00","action":"","terms":[],"taxonomy":"","browser_timezone_offset":0},"featured_media_src_url":"https:\/\/90x.deinupdate.de\/wp-content\/uploads\/2021\/09\/Bildschirmfoto-2021-09-27-um-20.02.06.png","acf":{"enable_amazon_playlist_tag_matching":true},"_links":{"self":[{"href":"https:\/\/90x.deinupdate.de\/index.php?rest_route=\/wp\/v2\/posts\/251691","targetHints":{"allow":["GET"]}}],"collection":[{"href":"https:\/\/90x.deinupdate.de\/index.php?rest_route=\/wp\/v2\/posts"}],"about":[{"href":"https:\/\/90x.deinupdate.de\/index.php?rest_route=\/wp\/v2\/types\/post"}],"author":[{"embeddable":true,"href":"https:\/\/90x.deinupdate.de\/index.php?rest_route=\/wp\/v2\/users\/1"}],"replies":[{"embeddable":true,"href":"https:\/\/90x.deinupdate.de\/index.php?rest_route=%2Fwp%2Fv2%2Fcomments&post=251691"}],"version-history":[{"count":2,"href":"https:\/\/90x.deinupdate.de\/index.php?rest_route=\/wp\/v2\/posts\/251691\/revisions"}],"predecessor-version":[{"id":251696,"href":"https:\/\/90x.deinupdate.de\/index.php?rest_route=\/wp\/v2\/posts\/251691\/revisions\/251696"}],"wp:featuredmedia":[{"embeddable":true,"href":"https:\/\/90x.deinupdate.de\/index.php?rest_route=\/wp\/v2\/media\/251692"}],"wp:attachment":[{"href":"https:\/\/90x.deinupdate.de\/index.php?rest_route=%2Fwp%2Fv2%2Fmedia&parent=251691"}],"wp:term":[{"taxonomy":"category","embeddable":true,"href":"https:\/\/90x.deinupdate.de\/index.php?rest_route=%2Fwp%2Fv2%2Fcategories&post=251691"},{"taxonomy":"post_tag","embeddable":true,"href":"https:\/\/90x.deinupdate.de\/index.php?rest_route=%2Fwp%2Fv2%2Ftags&post=251691"}],"curies":[{"name":"wp","href":"https:\/\/api.w.org\/{rel}","templated":true}]}}