{"id":250951,"date":"2021-09-25T12:40:53","date_gmt":"2021-09-25T12:40:53","guid":{"rendered":"https:\/\/www.deinupdate.de\/?p=250951"},"modified":"2021-09-26T19:40:57","modified_gmt":"2021-09-26T19:40:57","slug":"das-ist-das-ladekabel-fuer-alle","status":"publish","type":"post","link":"https:\/\/90x.deinupdate.de\/?p=250951","title":{"rendered":"DAS ist das Ladekabel f\u00fcr ALLE!"},"content":{"rendered":"<p>Eigentlich sollten die Handy-Hersteller das Problem schon lange unter sich kl\u00e4ren, doch das klappte nicht. Deshlab will die EU sich jetzt geettzlich f\u00fcr eine einheitliche L\u00f6sung einsetzen. Schon bald wird sich damit alles \u00e4ndern\u2026<\/p>\n<h4 style=\"text-align: center;\"><strong>LADEKABEL<\/strong><\/h4>\n<p>Schon seit 2009 arbeitet die EU an einer L\u00f6sung, denn USB-C, Micro-USB und Lightning-Stecker, sind laut EU zwei Varianten zu viel.<\/p>\n<p><a href=\"https:\/\/www.deinupdate.de\/wp-content\/uploads\/2021\/09\/imago0104027435h.jpg\"><img loading=\"lazy\" decoding=\"async\" class=\"size-full wp-image-250955\" src=\"https:\/\/www.deinupdate.de\/wp-content\/uploads\/2021\/09\/imago0104027435h.jpg\" alt=\"\" width=\"1773\" height=\"1113\" srcset=\"https:\/\/90x.deinupdate.de\/wp-content\/uploads\/2021\/09\/imago0104027435h.jpg 1773w, https:\/\/90x.deinupdate.de\/wp-content\/uploads\/2021\/09\/imago0104027435h-300x188.jpg 300w, https:\/\/90x.deinupdate.de\/wp-content\/uploads\/2021\/09\/imago0104027435h-768x482.jpg 768w, https:\/\/90x.deinupdate.de\/wp-content\/uploads\/2021\/09\/imago0104027435h-1024x643.jpg 1024w\" sizes=\"auto, (max-width: 1773px) 100vw, 1773px\" \/><\/a><\/p>\n<p>Jetzt liegt ein erster Vorschlag vor: F\u00fcr Smartphones auch\u00a0Tablets, Handheld-Spielkonsolen, Digitalkameras, Kopfh\u00f6rer und tragbare Lautsprecher soll es nur noch EINEN Stecker geben.<\/p>\n<h4 style=\"text-align: center;\"><strong>USB-C<\/strong><\/h4>\n<p>Der schmale USB-Anschluss soll das Modell der Zukunft sein \u2013 und so nicht nur das Portmonee des Kunden sondern vor allem die Umwelt schonen. Brauchte man bisher f\u00fcr so gut wie jedes Ger\u00e4t ein eigenes Kabel, soll jetzt ein einziges reichen.<\/p>\n<p><a href=\"https:\/\/www.deinupdate.de\/wp-content\/uploads\/2021\/09\/imago0135817571h.jpg\"><img loading=\"lazy\" decoding=\"async\" class=\"size-large wp-image-250956\" src=\"https:\/\/www.deinupdate.de\/wp-content\/uploads\/2021\/09\/imago0135817571h-1024x616.jpg\" alt=\"\" width=\"750\" height=\"451\" srcset=\"https:\/\/90x.deinupdate.de\/wp-content\/uploads\/2021\/09\/imago0135817571h-1024x616.jpg 1024w, https:\/\/90x.deinupdate.de\/wp-content\/uploads\/2021\/09\/imago0135817571h-300x180.jpg 300w, https:\/\/90x.deinupdate.de\/wp-content\/uploads\/2021\/09\/imago0135817571h-768x462.jpg 768w, https:\/\/90x.deinupdate.de\/wp-content\/uploads\/2021\/09\/imago0135817571h.jpg 1560w\" sizes=\"auto, (max-width: 750px) 100vw, 750px\" \/><\/a><\/p>\n<p>Als n\u00e4chstes muss der Vorschlag aber erstmal vom Europ\u00e4ischen Parlament und anschlie\u00dfend dem europ\u00e4ischen Rat verabschiedet werden. Danach bleibt den Herstellern noch eine \u00dcbergangsfrist von zwei Jahren um umzur\u00fcsten.<\/p>\n<h4 style=\"text-align: center;\"><strong>HIER SEHT IHR ES<\/strong><\/h4>\n<blockquote class=\"twitter-tweet\">\n<p dir=\"ltr\" lang=\"de\">Weil die Hersteller es nicht selbst geregelt haben, will die EU jetzt einen Standard f\u00fcr Ladekabel vorschreiben. K\u00fcnftig sollen Anwender nur noch das USB-C-Kabel f\u00fcr ihre Mobilger\u00e4te brauchen. Das soll die Umwelt schonen, nicht die Produzenten. <a href=\"https:\/\/t.co\/CGzsYIddkj\">https:\/\/t.co\/CGzsYIddkj<\/a><\/p>\n<p>\u2014 DER SPIEGEL (@derspiegel) <a href=\"https:\/\/twitter.com\/derspiegel\/status\/1441028086208868352?ref_src=twsrc%5Etfw\">September 23, 2021<\/a><\/p><\/blockquote>\n<p><script async src=\"https:\/\/platform.twitter.com\/widgets.js\" charset=\"utf-8\"><\/script><\/p>\n","protected":false},"excerpt":{"rendered":"<p>Eigentlich sollten die Handy-Hersteller das Problem schon lange unter sich kl\u00e4ren, doch das klappte nicht. Deshlab will die EU sich jetzt geettzlich f\u00fcr eine einheitliche L\u00f6sung einsetzen. Schon bald wird sich damit alles \u00e4ndern\u2026 LADEKABEL Schon seit 2009 arbeitet die EU an einer L\u00f6sung, denn USB-C, Micro-USB und Lightning-Stecker, sind laut EU zwei Varianten zu [&hellip;]<\/p>\n","protected":false},"author":4,"featured_media":250958,"comment_status":"open","ping_status":"open","sticky":false,"template":"","format":"standard","meta":{"footnotes":""},"categories":[1],"tags":[],"class_list":["post-250951","post","type-post","status-publish","format-standard","has-post-thumbnail","hentry","category-allgemein"],"publishpress_future_action":{"enabled":false,"date":"1970-01-01 00:00:00","action":"","terms":[],"taxonomy":"","browser_timezone_offset":0},"featured_media_src_url":"https:\/\/90x.deinupdate.de\/wp-content\/uploads\/2021\/09\/imago0135817578h-1024x633.jpg","acf":{"enable_amazon_playlist_tag_matching":true,"premium":true},"_links":{"self":[{"href":"https:\/\/90x.deinupdate.de\/index.php?rest_route=\/wp\/v2\/posts\/250951","targetHints":{"allow":["GET"]}}],"collection":[{"href":"https:\/\/90x.deinupdate.de\/index.php?rest_route=\/wp\/v2\/posts"}],"about":[{"href":"https:\/\/90x.deinupdate.de\/index.php?rest_route=\/wp\/v2\/types\/post"}],"author":[{"embeddable":true,"href":"https:\/\/90x.deinupdate.de\/index.php?rest_route=\/wp\/v2\/users\/4"}],"replies":[{"embeddable":true,"href":"https:\/\/90x.deinupdate.de\/index.php?rest_route=%2Fwp%2Fv2%2Fcomments&post=250951"}],"version-history":[{"count":8,"href":"https:\/\/90x.deinupdate.de\/index.php?rest_route=\/wp\/v2\/posts\/250951\/revisions"}],"predecessor-version":[{"id":251472,"href":"https:\/\/90x.deinupdate.de\/index.php?rest_route=\/wp\/v2\/posts\/250951\/revisions\/251472"}],"wp:featuredmedia":[{"embeddable":true,"href":"https:\/\/90x.deinupdate.de\/index.php?rest_route=\/wp\/v2\/media\/250958"}],"wp:attachment":[{"href":"https:\/\/90x.deinupdate.de\/index.php?rest_route=%2Fwp%2Fv2%2Fmedia&parent=250951"}],"wp:term":[{"taxonomy":"category","embeddable":true,"href":"https:\/\/90x.deinupdate.de\/index.php?rest_route=%2Fwp%2Fv2%2Fcategories&post=250951"},{"taxonomy":"post_tag","embeddable":true,"href":"https:\/\/90x.deinupdate.de\/index.php?rest_route=%2Fwp%2Fv2%2Ftags&post=250951"}],"curies":[{"name":"wp","href":"https:\/\/api.w.org\/{rel}","templated":true}]}}