{"id":250296,"date":"2021-09-22T11:24:29","date_gmt":"2021-09-22T11:24:29","guid":{"rendered":"https:\/\/www.deinupdate.de\/?p=250296"},"modified":"2021-09-22T11:32:06","modified_gmt":"2021-09-22T11:32:06","slug":"eil-corona-ende-in-deutschland-im","status":"publish","type":"post","link":"https:\/\/90x.deinupdate.de\/?p=250296","title":{"rendered":"Corona-Ende in Deutschland IM&#8230;"},"content":{"rendered":"<p>Wann ist diese schlimme Pandemie endlich vorbei? Das fragen sich Millionen jeden Tag! Jetzt gibt es ein offizielles Statement der Regierung dazu. Es kommt vom Gesundheits-Minister h\u00f6chstpers\u00f6nlich!<\/p>\n<h4 style=\"text-align: center;\"><strong>FR\u00dcHJAHR 2022<\/strong><\/h4>\n<p><em>&#8222;Wenn keine neue Virus-Variante auftaucht, gegen die eine Impfung nicht sch\u00fctzt, was sehr unwahrscheinlich ist, dann haben wir die Pandemie im Fr\u00fchjahr \u00fcberwunden und k\u00f6nnen zur Normalit\u00e4t zur\u00fcckkehren&#8220;<\/em><\/p>\n<p>Das sagt Jens Spahn soeben in einem neuen Interview. Hei\u00dft: In etwa 6 Monaten soll das Leben wieder so \u00e4hnlich sein wie vor Corona!<\/p>\n<p><img loading=\"lazy\" decoding=\"async\" class=\"alignnone size-full wp-image-250299\" src=\"https:\/\/www.deinupdate.de\/wp-content\/uploads\/2021\/09\/Bildschirmfoto-2021-09-22-um-13.12.19.png\" alt=\"\" width=\"786\" height=\"606\" srcset=\"https:\/\/90x.deinupdate.de\/wp-content\/uploads\/2021\/09\/Bildschirmfoto-2021-09-22-um-13.12.19.png 786w, https:\/\/90x.deinupdate.de\/wp-content\/uploads\/2021\/09\/Bildschirmfoto-2021-09-22-um-13.12.19-300x231.png 300w, https:\/\/90x.deinupdate.de\/wp-content\/uploads\/2021\/09\/Bildschirmfoto-2021-09-22-um-13.12.19-768x592.png 768w\" sizes=\"auto, (max-width: 786px) 100vw, 786px\" \/><\/p>\n<h4 style=\"text-align: center;\"><strong>ABER<\/strong><\/h4>\n<p><em>&#8222;Auch letztes Jahr hatten wir um diese Jahreszeit eine solche Verschnaufpause. Wir sind also noch nicht durch. Im Herbst und Winter, wenn wir alle wieder viel mehr in Innenr\u00e4umen sind und das Immunsystem weniger stark ist, steigt auch das Risiko, sich anzustecken&#8220;<\/em><\/p>\n<p>Was sagt Ihr zu den Worten des Gesundheits-Ministers?<\/p>\n<h4 style=\"text-align: center;\"><strong>HIER SEHT IHR ES<\/strong><\/h4>\n<blockquote class=\"twitter-tweet\">\n<p dir=\"ltr\" lang=\"de\">Bundesgesundheitsminister <a href=\"https:\/\/twitter.com\/jensspahn?ref_src=twsrc%5Etfw\">@jensspahn<\/a> geht davon aus, dass die Herdenimmunit\u00e4t gegen Corona bald erreicht sein wird \u2013 auch, weil sich viele Ungeimpfte anstecken werden. Das ganze Interview lest ihr hier: <a href=\"https:\/\/t.co\/oPOhPbkEsZ\">https:\/\/t.co\/oPOhPbkEsZ<\/a> <a href=\"https:\/\/t.co\/SOmxrIkL7J\">pic.twitter.com\/SOmxrIkL7J<\/a><\/p>\n<p>\u2014 AugsburgerAllgemeine (@AZ_Augsburg) <a href=\"https:\/\/twitter.com\/AZ_Augsburg\/status\/1440613088445833216?ref_src=twsrc%5Etfw\">September 22, 2021<\/a><\/p><\/blockquote>\n<p><script async src=\"https:\/\/platform.twitter.com\/widgets.js\" charset=\"utf-8\"><\/script><\/p>\n","protected":false},"excerpt":{"rendered":"<p>Wann ist diese schlimme Pandemie endlich vorbei? Das fragen sich Millionen jeden Tag! Jetzt gibt es ein offizielles Statement der Regierung dazu. Es kommt vom Gesundheits-Minister h\u00f6chstpers\u00f6nlich! FR\u00dcHJAHR 2022 &#8222;Wenn keine neue Virus-Variante auftaucht, gegen die eine Impfung nicht sch\u00fctzt, was sehr unwahrscheinlich ist, dann haben wir die Pandemie im Fr\u00fchjahr \u00fcberwunden und k\u00f6nnen zur [&hellip;]<\/p>\n","protected":false},"author":1,"featured_media":250297,"comment_status":"open","ping_status":"open","sticky":false,"template":"","format":"standard","meta":{"footnotes":""},"categories":[1],"tags":[],"class_list":["post-250296","post","type-post","status-publish","format-standard","has-post-thumbnail","hentry","category-allgemein"],"publishpress_future_action":{"enabled":false,"date":"1970-01-01 00:00:00","action":"","terms":[],"taxonomy":"","browser_timezone_offset":0},"featured_media_src_url":"https:\/\/90x.deinupdate.de\/wp-content\/uploads\/2021\/09\/Bildschirmfoto-2021-09-22-um-13.12.52.png","acf":{"enable_amazon_playlist_tag_matching":true},"_links":{"self":[{"href":"https:\/\/90x.deinupdate.de\/index.php?rest_route=\/wp\/v2\/posts\/250296","targetHints":{"allow":["GET"]}}],"collection":[{"href":"https:\/\/90x.deinupdate.de\/index.php?rest_route=\/wp\/v2\/posts"}],"about":[{"href":"https:\/\/90x.deinupdate.de\/index.php?rest_route=\/wp\/v2\/types\/post"}],"author":[{"embeddable":true,"href":"https:\/\/90x.deinupdate.de\/index.php?rest_route=\/wp\/v2\/users\/1"}],"replies":[{"embeddable":true,"href":"https:\/\/90x.deinupdate.de\/index.php?rest_route=%2Fwp%2Fv2%2Fcomments&post=250296"}],"version-history":[{"count":2,"href":"https:\/\/90x.deinupdate.de\/index.php?rest_route=\/wp\/v2\/posts\/250296\/revisions"}],"predecessor-version":[{"id":250303,"href":"https:\/\/90x.deinupdate.de\/index.php?rest_route=\/wp\/v2\/posts\/250296\/revisions\/250303"}],"wp:featuredmedia":[{"embeddable":true,"href":"https:\/\/90x.deinupdate.de\/index.php?rest_route=\/wp\/v2\/media\/250297"}],"wp:attachment":[{"href":"https:\/\/90x.deinupdate.de\/index.php?rest_route=%2Fwp%2Fv2%2Fmedia&parent=250296"}],"wp:term":[{"taxonomy":"category","embeddable":true,"href":"https:\/\/90x.deinupdate.de\/index.php?rest_route=%2Fwp%2Fv2%2Fcategories&post=250296"},{"taxonomy":"post_tag","embeddable":true,"href":"https:\/\/90x.deinupdate.de\/index.php?rest_route=%2Fwp%2Fv2%2Ftags&post=250296"}],"curies":[{"name":"wp","href":"https:\/\/api.w.org\/{rel}","templated":true}]}}