{"id":249972,"date":"2021-09-21T11:32:40","date_gmt":"2021-09-21T11:32:40","guid":{"rendered":"https:\/\/www.deinupdate.de\/?p=249972"},"modified":"2021-09-21T11:32:40","modified_gmt":"2021-09-21T11:32:40","slug":"corona-hammer-ungeimpfte-sollen-dafuer-mehr-zahlen","status":"publish","type":"post","link":"https:\/\/90x.deinupdate.de\/?p=249972","title":{"rendered":"Corona-Hammer: Ungeimpfte sollen DAF\u00dcR mehr zahlen!"},"content":{"rendered":"<p>Wer nicht geimpft ist, f\u00fcr den wird es immer schwerer im Alltag! Jetzt k\u00fcndigt eine Riesen-Branche an: Bei uns k\u00f6nnte es bald richtig teuer werden f\u00fcr Menschen ohne Impfung&#8230;<\/p>\n<h4 style=\"text-align: center;\"><strong>KRANKENVERSICHERUNG<\/strong><\/h4>\n<p>Wer sich nicht impfen lassen will, muss in Zukunft damit rechnen, weniger Leistungen zu erhalten \u2013 soll daf\u00fcr aber mehr Geld zahlen! Das sagt Norbert Rollinger, Chef der R+V-Versicherung jetzt in einem Interview bei T-Online.<\/p>\n<p><a href=\"https:\/\/www.deinupdate.de\/wp-content\/uploads\/2021\/09\/Bildschirmfoto-2021-09-21-um-12.40.16.png\"><img loading=\"lazy\" decoding=\"async\" class=\"aligncenter size-full wp-image-249997\" src=\"https:\/\/www.deinupdate.de\/wp-content\/uploads\/2021\/09\/Bildschirmfoto-2021-09-21-um-12.40.16.png\" alt=\"\" width=\"848\" height=\"464\" srcset=\"https:\/\/90x.deinupdate.de\/wp-content\/uploads\/2021\/09\/Bildschirmfoto-2021-09-21-um-12.40.16.png 848w, https:\/\/90x.deinupdate.de\/wp-content\/uploads\/2021\/09\/Bildschirmfoto-2021-09-21-um-12.40.16-300x164.png 300w, https:\/\/90x.deinupdate.de\/wp-content\/uploads\/2021\/09\/Bildschirmfoto-2021-09-21-um-12.40.16-768x420.png 768w\" sizes=\"auto, (max-width: 848px) 100vw, 848px\" \/><\/a><\/p>\n<h4 style=\"text-align: center;\"><strong>STATEMENT<\/strong><\/h4>\n<p><em>&#8222;Wenn jemand wegen Corona auf der Intensivstation landet, ist das deutlich teurer als eine Impfung. Schon jetzt d\u00fcrfen Krankenkassen ja beim Tarif zwischen Rauchern und Nicht-Rauchern unterscheiden&#8220;<\/em><\/p>\n<p>Doch wann k\u00f6nnte es losgehen mit den h\u00f6heren Beitr\u00e4gen f\u00fcr Ungeimpfte? Auch dazu liefert der Krankenkassen-Boss eine Prognose \u2013 mit deutlichen Worten!<\/p>\n<p><img loading=\"lazy\" decoding=\"async\" class=\"alignnone size-full wp-image-249656\" src=\"https:\/\/www.deinupdate.de\/wp-content\/uploads\/2021\/09\/Bildschirmfoto-2021-09-19-um-21.24.10.png\" alt=\"\" width=\"916\" height=\"560\" srcset=\"https:\/\/90x.deinupdate.de\/wp-content\/uploads\/2021\/09\/Bildschirmfoto-2021-09-19-um-21.24.10.png 916w, https:\/\/90x.deinupdate.de\/wp-content\/uploads\/2021\/09\/Bildschirmfoto-2021-09-19-um-21.24.10-300x183.png 300w, https:\/\/90x.deinupdate.de\/wp-content\/uploads\/2021\/09\/Bildschirmfoto-2021-09-19-um-21.24.10-768x470.png 768w\" sizes=\"auto, (max-width: 916px) 100vw, 916px\" \/><\/p>\n<h4 style=\"text-align: center;\"><strong>VERWEIGERER<\/strong><\/h4>\n<p><em>&#8222;Wann teurere Tarife f\u00fcr\u00a0Ungeimpfte\u00a0kommen, h\u00e4ngt von der Frage ab, wie lange sich die schweigende Mehrheit der Geimpften von den hartn\u00e4ckigen Impf-Verweigerern noch auf der Nase herumtanzen l\u00e4sst&#8220;<\/em><\/p>\n<p>Was sagt Ihr zu den Pl\u00e4nen?<\/p>\n<h4 style=\"text-align: center;\"><strong>HIER SEHT IHR ES<\/strong><\/h4>\n<blockquote class=\"twitter-tweet\">\n<p dir=\"ltr\" lang=\"de\">Krankenversicherung: R+V-Chef schl\u00e4gt unterschiedliche Tarife f\u00fcr Geimpfte und Ungeimpfte vor <a href=\"https:\/\/t.co\/hcYlYZQtwd\">https:\/\/t.co\/hcYlYZQtwd<\/a><\/p>\n<p>\u2014 stern (@sternde) <a href=\"https:\/\/twitter.com\/sternde\/status\/1440251976709672963?ref_src=twsrc%5Etfw\">September 21, 2021<\/a><\/p><\/blockquote>\n","protected":false},"excerpt":{"rendered":"<p>Wer nicht geimpft ist, f\u00fcr den wird es immer schwerer im Alltag! Jetzt k\u00fcndigt eine Riesen-Branche an: Bei uns k\u00f6nnte es bald richtig teuer werden f\u00fcr Menschen ohne Impfung&#8230; KRANKENVERSICHERUNG Wer sich nicht impfen lassen will, muss in Zukunft damit rechnen, weniger Leistungen zu erhalten \u2013 soll daf\u00fcr aber mehr Geld zahlen! Das sagt Norbert [&hellip;]<\/p>\n","protected":false},"author":4,"featured_media":249998,"comment_status":"open","ping_status":"open","sticky":false,"template":"","format":"standard","meta":{"footnotes":""},"categories":[1],"tags":[],"class_list":["post-249972","post","type-post","status-publish","format-standard","has-post-thumbnail","hentry","category-allgemein"],"publishpress_future_action":{"enabled":false,"date":"1970-01-01 00:00:00","action":"","terms":[],"taxonomy":"","browser_timezone_offset":0},"featured_media_src_url":"https:\/\/90x.deinupdate.de\/wp-content\/uploads\/2021\/09\/imago0107212440h-1024x506.jpg","acf":{"enable_amazon_playlist_tag_matching":true},"_links":{"self":[{"href":"https:\/\/90x.deinupdate.de\/index.php?rest_route=\/wp\/v2\/posts\/249972","targetHints":{"allow":["GET"]}}],"collection":[{"href":"https:\/\/90x.deinupdate.de\/index.php?rest_route=\/wp\/v2\/posts"}],"about":[{"href":"https:\/\/90x.deinupdate.de\/index.php?rest_route=\/wp\/v2\/types\/post"}],"author":[{"embeddable":true,"href":"https:\/\/90x.deinupdate.de\/index.php?rest_route=\/wp\/v2\/users\/4"}],"replies":[{"embeddable":true,"href":"https:\/\/90x.deinupdate.de\/index.php?rest_route=%2Fwp%2Fv2%2Fcomments&post=249972"}],"version-history":[{"count":6,"href":"https:\/\/90x.deinupdate.de\/index.php?rest_route=\/wp\/v2\/posts\/249972\/revisions"}],"predecessor-version":[{"id":250021,"href":"https:\/\/90x.deinupdate.de\/index.php?rest_route=\/wp\/v2\/posts\/249972\/revisions\/250021"}],"wp:featuredmedia":[{"embeddable":true,"href":"https:\/\/90x.deinupdate.de\/index.php?rest_route=\/wp\/v2\/media\/249998"}],"wp:attachment":[{"href":"https:\/\/90x.deinupdate.de\/index.php?rest_route=%2Fwp%2Fv2%2Fmedia&parent=249972"}],"wp:term":[{"taxonomy":"category","embeddable":true,"href":"https:\/\/90x.deinupdate.de\/index.php?rest_route=%2Fwp%2Fv2%2Fcategories&post=249972"},{"taxonomy":"post_tag","embeddable":true,"href":"https:\/\/90x.deinupdate.de\/index.php?rest_route=%2Fwp%2Fv2%2Ftags&post=249972"}],"curies":[{"name":"wp","href":"https:\/\/api.w.org\/{rel}","templated":true}]}}