{"id":249679,"date":"2021-09-20T11:06:53","date_gmt":"2021-09-20T11:06:53","guid":{"rendered":"https:\/\/www.deinupdate.de\/?p=249679"},"modified":"2021-09-20T11:06:53","modified_gmt":"2021-09-20T11:06:53","slug":"impfung-fuer-alle-kinder-soll-kommen","status":"publish","type":"post","link":"https:\/\/90x.deinupdate.de\/?p=249679","title":{"rendered":"Impfung f\u00fcr alle Kinder soll kommen!"},"content":{"rendered":"<p>Es soll der n\u00e4chste Schritt im Kampf gegen die Pandemie sein. Schon in wenigen Monaten k\u00f6nnte es losgehen, die wichtigsten Schritte sind bereits eingeleitet&#8230;<\/p>\n<h4 style=\"text-align: center;\"><strong>ZULASSUNG BEANTRAGT<\/strong><\/h4>\n<p>Wie Gesundheits-Minister Jens-Spahn verk\u00fcndet, wurde der Zulassungs-Antrag f\u00fcr den Corona-Impfstoff f\u00fcr Kinder bereits gestellt. Schon Anfang n\u00e4chsten Jahres k\u00f6nnte dann die Zulassung erfolgen und mit ihr die Impf-Kampagne f\u00fcr Kinder starten.<\/p>\n<p>Spahn wies aber auch darauf hin, das es dauern k\u00f6nnte bis die StIko (St\u00e4ndige Impfkomission) eine entsprechende Empfehlung ausspricht.<\/p>\n<figure id=\"attachment_249684\" aria-describedby=\"caption-attachment-249684\" style=\"width: 1902px\" class=\"wp-caption alignnone\"><img loading=\"lazy\" decoding=\"async\" class=\"size-full wp-image-249684\" src=\"https:\/\/www.deinupdate.de\/wp-content\/uploads\/2021\/09\/imago0135187236h.jpg\" alt=\"\" width=\"1902\" height=\"1194\" srcset=\"https:\/\/90x.deinupdate.de\/wp-content\/uploads\/2021\/09\/imago0135187236h.jpg 1902w, https:\/\/90x.deinupdate.de\/wp-content\/uploads\/2021\/09\/imago0135187236h-300x188.jpg 300w, https:\/\/90x.deinupdate.de\/wp-content\/uploads\/2021\/09\/imago0135187236h-768x482.jpg 768w, https:\/\/90x.deinupdate.de\/wp-content\/uploads\/2021\/09\/imago0135187236h-1024x643.jpg 1024w\" sizes=\"auto, (max-width: 1902px) 100vw, 1902px\" \/><figcaption id=\"caption-attachment-249684\" class=\"wp-caption-text\">News Themen der Woche KW37 News Bilder des Tages Bundesgesundheitsminister Jens Spahn, CDU, auf einer Wahlkampfveranstaltung in Nagold in Baden-Wuerttemberg. Nagold Deutschland *** Federal Health Minister Jens Spahn, CDU, at an election campaign event in Nagold in Baden Wuerttemberg Nagold Germany Copyright: xThomasxKoehler\/photothek.dex<\/figcaption><\/figure>\n<h4 style=\"text-align: center;\"><strong>ERSTES QUARTAL 22<\/strong><\/h4>\n<p><em>&#8222;<cite>Ich gehe davon aus, dass die Zulassung f\u00fcr einen Impfstoff f\u00fcr Kinder unter zw\u00f6lf Jahren im ersten Quartal 2022 kommt.\u00a0<\/cite><cite>Dann k\u00f6nnten wir auch die J\u00fcngeren noch besser sch\u00fctzen.<\/cite>&#8222;<\/em><\/p>\n<h4 style=\"text-align: center;\"><strong>HIER SEHT IHR ES<\/strong><\/h4>\n<blockquote class=\"twitter-tweet\">\n<p dir=\"ltr\" lang=\"de\">Bundesgesundheitsminister <a href=\"https:\/\/twitter.com\/jensspahn?ref_src=twsrc%5Etfw\">@jensspahn<\/a> (CDU) erwartet Anfang kommenden Jahres die Zulassung f\u00fcr einen <a href=\"https:\/\/twitter.com\/hashtag\/Corona?src=hash&amp;ref_src=twsrc%5Etfw\">#Corona<\/a> <a href=\"https:\/\/twitter.com\/hashtag\/Impfstoff?src=hash&amp;ref_src=twsrc%5Etfw\">#Impfstoff<\/a> f\u00fcr Kinder. Dann k\u00f6nne man auch die J\u00fcngeren noch besser sch\u00fctzen, sagte Spahn den Zeitungen der Funke Mediengruppe. <a href=\"https:\/\/t.co\/LGE1fEdaVB\">https:\/\/t.co\/LGE1fEdaVB<\/a><\/p>\n<p>\u2014 WDR aktuell (@WDRaktuell) <a href=\"https:\/\/twitter.com\/WDRaktuell\/status\/1439853358127452160?ref_src=twsrc%5Etfw\">September 20, 2021<\/a><\/p><\/blockquote>\n<p><script async src=\"https:\/\/platform.twitter.com\/widgets.js\" charset=\"utf-8\"><\/script><\/p>\n","protected":false},"excerpt":{"rendered":"<p>Es soll der n\u00e4chste Schritt im Kampf gegen die Pandemie sein. Schon in wenigen Monaten k\u00f6nnte es losgehen, die wichtigsten Schritte sind bereits eingeleitet&#8230; ZULASSUNG BEANTRAGT Wie Gesundheits-Minister Jens-Spahn verk\u00fcndet, wurde der Zulassungs-Antrag f\u00fcr den Corona-Impfstoff f\u00fcr Kinder bereits gestellt. Schon Anfang n\u00e4chsten Jahres k\u00f6nnte dann die Zulassung erfolgen und mit ihr die Impf-Kampagne f\u00fcr [&hellip;]<\/p>\n","protected":false},"author":4,"featured_media":249687,"comment_status":"open","ping_status":"open","sticky":false,"template":"","format":"standard","meta":{"footnotes":""},"categories":[1],"tags":[],"class_list":["post-249679","post","type-post","status-publish","format-standard","has-post-thumbnail","hentry","category-allgemein"],"publishpress_future_action":{"enabled":false,"date":"1970-01-01 00:00:00","action":"","terms":[],"taxonomy":"","browser_timezone_offset":0},"featured_media_src_url":"https:\/\/90x.deinupdate.de\/wp-content\/uploads\/2021\/09\/fghjmkl-1024x632.jpeg","acf":{"enable_amazon_playlist_tag_matching":true},"_links":{"self":[{"href":"https:\/\/90x.deinupdate.de\/index.php?rest_route=\/wp\/v2\/posts\/249679","targetHints":{"allow":["GET"]}}],"collection":[{"href":"https:\/\/90x.deinupdate.de\/index.php?rest_route=\/wp\/v2\/posts"}],"about":[{"href":"https:\/\/90x.deinupdate.de\/index.php?rest_route=\/wp\/v2\/types\/post"}],"author":[{"embeddable":true,"href":"https:\/\/90x.deinupdate.de\/index.php?rest_route=\/wp\/v2\/users\/4"}],"replies":[{"embeddable":true,"href":"https:\/\/90x.deinupdate.de\/index.php?rest_route=%2Fwp%2Fv2%2Fcomments&post=249679"}],"version-history":[{"count":3,"href":"https:\/\/90x.deinupdate.de\/index.php?rest_route=\/wp\/v2\/posts\/249679\/revisions"}],"predecessor-version":[{"id":249715,"href":"https:\/\/90x.deinupdate.de\/index.php?rest_route=\/wp\/v2\/posts\/249679\/revisions\/249715"}],"wp:featuredmedia":[{"embeddable":true,"href":"https:\/\/90x.deinupdate.de\/index.php?rest_route=\/wp\/v2\/media\/249687"}],"wp:attachment":[{"href":"https:\/\/90x.deinupdate.de\/index.php?rest_route=%2Fwp%2Fv2%2Fmedia&parent=249679"}],"wp:term":[{"taxonomy":"category","embeddable":true,"href":"https:\/\/90x.deinupdate.de\/index.php?rest_route=%2Fwp%2Fv2%2Fcategories&post=249679"},{"taxonomy":"post_tag","embeddable":true,"href":"https:\/\/90x.deinupdate.de\/index.php?rest_route=%2Fwp%2Fv2%2Ftags&post=249679"}],"curies":[{"name":"wp","href":"https:\/\/api.w.org\/{rel}","templated":true}]}}