{"id":249549,"date":"2021-09-19T13:15:08","date_gmt":"2021-09-19T13:15:08","guid":{"rendered":"https:\/\/www.deinupdate.de\/?p=249549"},"modified":"2021-09-19T13:29:58","modified_gmt":"2021-09-19T13:29:58","slug":"eil-der-transfer-hammer-ist-offiziell","status":"publish","type":"post","link":"https:\/\/90x.deinupdate.de\/?p=249549","title":{"rendered":"Der Transfer-Hammer ist offiziell!"},"content":{"rendered":"<p>Soeben kommt die Best\u00e4tigung des Verbands. Ja, der Hammer-Deal ist echt perfekt, die National-Mannschaft der T\u00fcrkei hat einen neuen Trainer!<\/p>\n<h4 style=\"text-align: center;\"><strong>STEFAN KUNTZ<\/strong><\/h4>\n<p><em>&#8222;Unser Vorstand hat sich mit Herrn Stefan Kuntz f\u00fcr die Position des Nationalmannschaft-Trainers geeinigt. Die Unterzeichnungs-Zeremonie findet am Montag, den 20. September, um 15.00 Uhr im Camp und in den Trainings-Einrichtungen der National-Mannschaften von Riva Hasan Do\u011fan statt&#8220;<\/em><\/p>\n<p>Damit ist es offiziell: Stefan Kuntz ist neuer Trainer der T\u00fcrkei! Zuvor war er Coach der deutschen U21.<\/p>\n<p><img loading=\"lazy\" decoding=\"async\" class=\"alignnone size-full wp-image-249553\" src=\"https:\/\/www.deinupdate.de\/wp-content\/uploads\/2021\/09\/E_pmrSfXsAYCth0.jpg\" alt=\"\" width=\"1080\" height=\"1350\" srcset=\"https:\/\/90x.deinupdate.de\/wp-content\/uploads\/2021\/09\/E_pmrSfXsAYCth0.jpg 1080w, https:\/\/90x.deinupdate.de\/wp-content\/uploads\/2021\/09\/E_pmrSfXsAYCth0-240x300.jpg 240w, https:\/\/90x.deinupdate.de\/wp-content\/uploads\/2021\/09\/E_pmrSfXsAYCth0-768x960.jpg 768w, https:\/\/90x.deinupdate.de\/wp-content\/uploads\/2021\/09\/E_pmrSfXsAYCth0-819x1024.jpg 819w\" sizes=\"auto, (max-width: 1080px) 100vw, 1080px\" \/><\/p>\n<h4 style=\"text-align: center;\"><strong>BESIKTAS-SPIELER<\/strong><\/h4>\n<p>Stefan Kuntz kommt also zur\u00fcck: Als Spieler war er bereits von 1995 bis 1996 bei Besiktas Istanbul aktiv. Viel Erfolg im neuen Job!<\/p>\n<h4 style=\"text-align: center;\"><strong>HIER SEHT IHR ES<\/strong><\/h4>\n<blockquote class=\"twitter-tweet\">\n<p dir=\"ltr\" lang=\"tr\">TFF Y\u00f6netim Kurulumuz, A Mill\u00ee Tak\u0131m Teknik Direkt\u00f6rl\u00fc\u011f\u00fc g\u00f6revi i\u00e7in Say\u0131n Stefan Kuntz ile anla\u015fm\u0131\u015ft\u0131r.<br \/>\n\u0130mza t\u00f6reni 20 Eyl\u00fcl Pazartesi g\u00fcn\u00fc saat 15.00&#8217;te Riva Hasan Do\u011fan Milli Tak\u0131mlar Kamp ve E\u011fitim Tesisleri&#8217;nde d\u00fczenlenecektir. T\u00fcrk futbolu i\u00e7in hay\u0131rl\u0131 olmas\u0131n\u0131 dileriz. <a href=\"https:\/\/t.co\/bjCnd6bgaC\">pic.twitter.com\/bjCnd6bgaC<\/a><\/p>\n<p>\u2014 TFF (@TFF_Org) <a href=\"https:\/\/twitter.com\/TFF_Org\/status\/1439575932902285315?ref_src=twsrc%5Etfw\">September 19, 2021<\/a><\/p><\/blockquote>\n<p><script async src=\"https:\/\/platform.twitter.com\/widgets.js\" charset=\"utf-8\"><\/script><\/p>\n","protected":false},"excerpt":{"rendered":"<p>Soeben kommt die Best\u00e4tigung des Verbands. Ja, der Hammer-Deal ist echt perfekt, die National-Mannschaft der T\u00fcrkei hat einen neuen Trainer! STEFAN KUNTZ &#8222;Unser Vorstand hat sich mit Herrn Stefan Kuntz f\u00fcr die Position des Nationalmannschaft-Trainers geeinigt. Die Unterzeichnungs-Zeremonie findet am Montag, den 20. September, um 15.00 Uhr im Camp und in den Trainings-Einrichtungen der National-Mannschaften [&hellip;]<\/p>\n","protected":false},"author":1,"featured_media":249110,"comment_status":"open","ping_status":"open","sticky":false,"template":"","format":"standard","meta":{"footnotes":""},"categories":[1],"tags":[],"class_list":["post-249549","post","type-post","status-publish","format-standard","has-post-thumbnail","hentry","category-allgemein"],"publishpress_future_action":{"enabled":false,"date":"1970-01-01 00:00:00","action":"","terms":[],"taxonomy":"","browser_timezone_offset":0},"featured_media_src_url":"https:\/\/90x.deinupdate.de\/wp-content\/uploads\/2021\/09\/Bildschirmfoto-2021-09-17-um-13.10.35-1024x701.png","acf":{"enable_amazon_playlist_tag_matching":true},"_links":{"self":[{"href":"https:\/\/90x.deinupdate.de\/index.php?rest_route=\/wp\/v2\/posts\/249549","targetHints":{"allow":["GET"]}}],"collection":[{"href":"https:\/\/90x.deinupdate.de\/index.php?rest_route=\/wp\/v2\/posts"}],"about":[{"href":"https:\/\/90x.deinupdate.de\/index.php?rest_route=\/wp\/v2\/types\/post"}],"author":[{"embeddable":true,"href":"https:\/\/90x.deinupdate.de\/index.php?rest_route=\/wp\/v2\/users\/1"}],"replies":[{"embeddable":true,"href":"https:\/\/90x.deinupdate.de\/index.php?rest_route=%2Fwp%2Fv2%2Fcomments&post=249549"}],"version-history":[{"count":7,"href":"https:\/\/90x.deinupdate.de\/index.php?rest_route=\/wp\/v2\/posts\/249549\/revisions"}],"predecessor-version":[{"id":249558,"href":"https:\/\/90x.deinupdate.de\/index.php?rest_route=\/wp\/v2\/posts\/249549\/revisions\/249558"}],"wp:featuredmedia":[{"embeddable":true,"href":"https:\/\/90x.deinupdate.de\/index.php?rest_route=\/wp\/v2\/media\/249110"}],"wp:attachment":[{"href":"https:\/\/90x.deinupdate.de\/index.php?rest_route=%2Fwp%2Fv2%2Fmedia&parent=249549"}],"wp:term":[{"taxonomy":"category","embeddable":true,"href":"https:\/\/90x.deinupdate.de\/index.php?rest_route=%2Fwp%2Fv2%2Fcategories&post=249549"},{"taxonomy":"post_tag","embeddable":true,"href":"https:\/\/90x.deinupdate.de\/index.php?rest_route=%2Fwp%2Fv2%2Ftags&post=249549"}],"curies":[{"name":"wp","href":"https:\/\/api.w.org\/{rel}","templated":true}]}}