{"id":247794,"date":"2021-09-13T14:31:49","date_gmt":"2021-09-13T14:31:49","guid":{"rendered":"https:\/\/www.deinupdate.de\/?p=247794"},"modified":"2021-09-13T14:31:49","modified_gmt":"2021-09-13T14:31:49","slug":"so-wuerde-deutschland-heute-waehlen-8","status":"publish","type":"post","link":"https:\/\/90x.deinupdate.de\/?p=247794","title":{"rendered":"SO w\u00fcrde Deutschland HEUTE w\u00e4hlen!"},"content":{"rendered":"<p>Das Triell von Armin Laschet, Olaf Scholz und Anna Lena Baerbock ist rum und die spannendste Frage lautet nun: Was hat sich durch die TV-Runde an der Einstellung der W\u00e4hler ver\u00e4ndert? Wir haben die Ergebnisse&#8230;<\/p>\n<h4 style=\"text-align: center;\"><strong>SCHOLZ BLEIBT VORN<\/strong><\/h4>\n<p>In weniger als zwei Wochen ist es soweit und Deutschland w\u00e4hlt die neue Zusammensetzung des Bundestags und damit auch einen neuen Kanzler. Nach dem Triell wird immer klarer:<\/p>\n<p>Wenn sich Scholz nicht mehr selbst schl\u00e4gt, kann er kaum noch verlieren&#8230;<\/p>\n<h4 style=\"text-align: center;\"><strong>HIER SEHT IHR ES<\/strong><\/h4>\n<p><img loading=\"lazy\" decoding=\"async\" class=\"alignnone size-full wp-image-247795\" src=\"https:\/\/www.deinupdate.de\/wp-content\/uploads\/2021\/09\/Bildschirmfoto-2021-09-13-um-16.07.09.png\" alt=\"\" width=\"772\" height=\"744\" srcset=\"https:\/\/90x.deinupdate.de\/wp-content\/uploads\/2021\/09\/Bildschirmfoto-2021-09-13-um-16.07.09.png 772w, https:\/\/90x.deinupdate.de\/wp-content\/uploads\/2021\/09\/Bildschirmfoto-2021-09-13-um-16.07.09-300x289.png 300w, https:\/\/90x.deinupdate.de\/wp-content\/uploads\/2021\/09\/Bildschirmfoto-2021-09-13-um-16.07.09-768x740.png 768w\" sizes=\"auto, (max-width: 772px) 100vw, 772px\" \/><\/p>\n","protected":false},"excerpt":{"rendered":"<p>Das Triell von Armin Laschet, Olaf Scholz und Anna Lena Baerbock ist rum und die spannendste Frage lautet nun: Was hat sich durch die TV-Runde an der Einstellung der W\u00e4hler ver\u00e4ndert? Wir haben die Ergebnisse&#8230; SCHOLZ BLEIBT VORN In weniger als zwei Wochen ist es soweit und Deutschland w\u00e4hlt die neue Zusammensetzung des Bundestags und [&hellip;]<\/p>\n","protected":false},"author":1,"featured_media":247796,"comment_status":"open","ping_status":"open","sticky":false,"template":"","format":"standard","meta":{"footnotes":""},"categories":[1],"tags":[],"class_list":["post-247794","post","type-post","status-publish","format-standard","has-post-thumbnail","hentry","category-allgemein"],"publishpress_future_action":{"enabled":false,"date":"1970-01-01 00:00:00","action":"","terms":[],"taxonomy":"","browser_timezone_offset":0},"featured_media_src_url":"https:\/\/90x.deinupdate.de\/wp-content\/uploads\/2021\/09\/Bildschirmfoto-2021-09-13-um-16.07.43.png","acf":{"enable_amazon_playlist_tag_matching":true},"_links":{"self":[{"href":"https:\/\/90x.deinupdate.de\/index.php?rest_route=\/wp\/v2\/posts\/247794","targetHints":{"allow":["GET"]}}],"collection":[{"href":"https:\/\/90x.deinupdate.de\/index.php?rest_route=\/wp\/v2\/posts"}],"about":[{"href":"https:\/\/90x.deinupdate.de\/index.php?rest_route=\/wp\/v2\/types\/post"}],"author":[{"embeddable":true,"href":"https:\/\/90x.deinupdate.de\/index.php?rest_route=\/wp\/v2\/users\/1"}],"replies":[{"embeddable":true,"href":"https:\/\/90x.deinupdate.de\/index.php?rest_route=%2Fwp%2Fv2%2Fcomments&post=247794"}],"version-history":[{"count":2,"href":"https:\/\/90x.deinupdate.de\/index.php?rest_route=\/wp\/v2\/posts\/247794\/revisions"}],"predecessor-version":[{"id":247803,"href":"https:\/\/90x.deinupdate.de\/index.php?rest_route=\/wp\/v2\/posts\/247794\/revisions\/247803"}],"wp:featuredmedia":[{"embeddable":true,"href":"https:\/\/90x.deinupdate.de\/index.php?rest_route=\/wp\/v2\/media\/247796"}],"wp:attachment":[{"href":"https:\/\/90x.deinupdate.de\/index.php?rest_route=%2Fwp%2Fv2%2Fmedia&parent=247794"}],"wp:term":[{"taxonomy":"category","embeddable":true,"href":"https:\/\/90x.deinupdate.de\/index.php?rest_route=%2Fwp%2Fv2%2Fcategories&post=247794"},{"taxonomy":"post_tag","embeddable":true,"href":"https:\/\/90x.deinupdate.de\/index.php?rest_route=%2Fwp%2Fv2%2Ftags&post=247794"}],"curies":[{"name":"wp","href":"https:\/\/api.w.org\/{rel}","templated":true}]}}