{"id":246865,"date":"2021-09-09T12:11:31","date_gmt":"2021-09-09T12:11:31","guid":{"rendered":"https:\/\/www.deinupdate.de\/?p=246865"},"modified":"2021-09-09T12:14:57","modified_gmt":"2021-09-09T12:14:57","slug":"mbappe-hammer-krank-was-jetzt-passiert","status":"publish","type":"post","link":"https:\/\/90x.deinupdate.de\/?p=246865","title":{"rendered":"Mbappe-Hammer: KRANK was JETZT passiert!"},"content":{"rendered":"<p>Das Transfer-Fenster ist zu, doch das gro\u00dfe Drama um Kylian Mbapp\u00e9 ist noch lange nicht vom Tisch. W\u00e4hrend Real Madrid im Januar die Verpflichtung zum Sommer 2022 eint\u00fcten m\u00f6chte, versucht PSG \u00a0mit aller Macht das Super-Talent zu halten. Dazu scheinen alle Mittel recht&#8230;<\/p>\n<h4 style=\"text-align: center;\"><strong>MACRON\u00a0<\/strong><\/h4>\n<p>Wie die <i>MARCA\u00a0<\/i>berichtet, setzt PSG aktuell nicht nur auf eine deutliche Aufstockung des Gehalts, sondern auch der franz\u00f6sische Pr\u00e4sident Emmanuel Macron wird miteinbezogen.<\/p>\n<p>Nachdem der 43-J\u00e4hrige sich bereits vor der EM f\u00fcr einen Frankreich-Verbleib von Mbapp\u00e9 stark gemacht hatte, soll es nun auch einen pers\u00f6nlichen Austausch zwischen Mbapp\u00e9 und Macron, der das gr\u00f6\u00dfte Talent des Landes offenbar unbedingt in Frankreich halten will, geben.<\/p>\n<p><img loading=\"lazy\" decoding=\"async\" class=\"alignnone size-full wp-image-246866\" src=\"https:\/\/www.deinupdate.de\/wp-content\/uploads\/2021\/09\/Bildschirmfoto-2021-09-09-um-14.01.42.png\" alt=\"\" width=\"832\" height=\"540\" srcset=\"https:\/\/90x.deinupdate.de\/wp-content\/uploads\/2021\/09\/Bildschirmfoto-2021-09-09-um-14.01.42.png 832w, https:\/\/90x.deinupdate.de\/wp-content\/uploads\/2021\/09\/Bildschirmfoto-2021-09-09-um-14.01.42-300x195.png 300w, https:\/\/90x.deinupdate.de\/wp-content\/uploads\/2021\/09\/Bildschirmfoto-2021-09-09-um-14.01.42-768x498.png 768w\" sizes=\"auto, (max-width: 832px) 100vw, 832px\" \/><\/p>\n<p>Sogar einen Brief soll der 22-J\u00e4hrige St\u00fcrmer von Macron erhalten haben.<\/p>\n<h4 style=\"text-align: center;\"><strong>LETZTER TRUMPH<\/strong><\/h4>\n<p>Haben die Pariser wom\u00f6glich deshalb das Giga-Angebot von Real Madrid \u00fcber 200 Millionen Euro abgelehnt, weil sie sich sicher sind, dass Mbapp\u00e9 am Ende doch in Frankreich bleibt?<\/p>\n<p>Wenn sich bereits der Pr\u00e4sident einschaltet scheint das Anliegen und der Druck gro\u00df zu sein&#8230;<\/p>\n<h4 style=\"text-align: center;\"><strong>HIER DIE QUELLE<\/strong><\/h4>\n<blockquote class=\"twitter-tweet\">\n<p dir=\"ltr\" lang=\"en\">?? French president Emmanuel Macron has sent personal messages to Mbapp\u00e9 to renew his contract with PSG and reject Real Madrid&#8217;s approach. <a href=\"https:\/\/twitter.com\/Millar_Colin?ref_src=twsrc%5Etfw\">@Millar_Colin<\/a><\/p>\n<p>\u2014 Infinite Madrid (@InfiniteMadrid) <a href=\"https:\/\/twitter.com\/InfiniteMadrid\/status\/1435654190026661898?ref_src=twsrc%5Etfw\">September 8, 2021<\/a><\/p><\/blockquote>\n<p><script async src=\"https:\/\/platform.twitter.com\/widgets.js\" charset=\"utf-8\"><\/script><\/p>\n","protected":false},"excerpt":{"rendered":"<p>Das Transfer-Fenster ist zu, doch das gro\u00dfe Drama um Kylian Mbapp\u00e9 ist noch lange nicht vom Tisch. W\u00e4hrend Real Madrid im Januar die Verpflichtung zum Sommer 2022 eint\u00fcten m\u00f6chte, versucht PSG \u00a0mit aller Macht das Super-Talent zu halten. Dazu scheinen alle Mittel recht&#8230; MACRON\u00a0 Wie die MARCA\u00a0berichtet, setzt PSG aktuell nicht nur auf eine deutliche [&hellip;]<\/p>\n","protected":false},"author":1,"featured_media":246869,"comment_status":"open","ping_status":"open","sticky":false,"template":"","format":"standard","meta":{"footnotes":""},"categories":[1],"tags":[],"class_list":["post-246865","post","type-post","status-publish","format-standard","has-post-thumbnail","hentry","category-allgemein"],"publishpress_future_action":{"enabled":false,"date":"1970-01-01 00:00:00","action":"","terms":[],"taxonomy":"","browser_timezone_offset":0},"featured_media_src_url":"https:\/\/90x.deinupdate.de\/wp-content\/uploads\/2021\/09\/Bildschirmfoto-2021-09-09-um-13.57.34.png","acf":{"enable_amazon_playlist_tag_matching":true,"voting_title":"SOLL MBAPPE WECHSELN?","voting_items":[{"title":"Ja, er ist ein K\u00f6niglicher!","image":"https:\/\/90x.deinupdate.de\/wp-content\/uploads\/2021\/09\/Bildschirmfoto-2021-09-09-um-14.10.49.png"},{"title":"Nein, er muss in Paris bleiben!","image":"https:\/\/90x.deinupdate.de\/wp-content\/uploads\/2021\/09\/Bildschirmfoto-2021-09-09-um-14.10.58.png"}]},"_links":{"self":[{"href":"https:\/\/90x.deinupdate.de\/index.php?rest_route=\/wp\/v2\/posts\/246865","targetHints":{"allow":["GET"]}}],"collection":[{"href":"https:\/\/90x.deinupdate.de\/index.php?rest_route=\/wp\/v2\/posts"}],"about":[{"href":"https:\/\/90x.deinupdate.de\/index.php?rest_route=\/wp\/v2\/types\/post"}],"author":[{"embeddable":true,"href":"https:\/\/90x.deinupdate.de\/index.php?rest_route=\/wp\/v2\/users\/1"}],"replies":[{"embeddable":true,"href":"https:\/\/90x.deinupdate.de\/index.php?rest_route=%2Fwp%2Fv2%2Fcomments&post=246865"}],"version-history":[{"count":4,"href":"https:\/\/90x.deinupdate.de\/index.php?rest_route=\/wp\/v2\/posts\/246865\/revisions"}],"predecessor-version":[{"id":246880,"href":"https:\/\/90x.deinupdate.de\/index.php?rest_route=\/wp\/v2\/posts\/246865\/revisions\/246880"}],"wp:featuredmedia":[{"embeddable":true,"href":"https:\/\/90x.deinupdate.de\/index.php?rest_route=\/wp\/v2\/media\/246869"}],"wp:attachment":[{"href":"https:\/\/90x.deinupdate.de\/index.php?rest_route=%2Fwp%2Fv2%2Fmedia&parent=246865"}],"wp:term":[{"taxonomy":"category","embeddable":true,"href":"https:\/\/90x.deinupdate.de\/index.php?rest_route=%2Fwp%2Fv2%2Fcategories&post=246865"},{"taxonomy":"post_tag","embeddable":true,"href":"https:\/\/90x.deinupdate.de\/index.php?rest_route=%2Fwp%2Fv2%2Ftags&post=246865"}],"curies":[{"name":"wp","href":"https:\/\/api.w.org\/{rel}","templated":true}]}}